{"id":216986,"date":"2026-01-06T04:35:25","date_gmt":"2026-01-06T04:35:25","guid":{"rendered":"https:\/\/www.europesays.com\/pt\/216986\/"},"modified":"2026-01-06T04:35:25","modified_gmt":"2026-01-06T04:35:25","slug":"morreu-zeca-pereira-provedor-do-municipe-e-ex-presidente-da-assembleia-municipal","status":"publish","type":"post","link":"https:\/\/www.europesays.com\/pt\/216986\/","title":{"rendered":"Morreu Zeca Pereira, Provedor do Mun\u00edcipe e ex-presidente da Assembleia Municipal"},"content":{"rendered":"<p>Jos\u00e9 Manuel Fortunato Pereira, conhecido por Zeca Pereira, atual Provedor do Mun\u00edcipe e ex-presidente da Assembleia Municipal de Tomar, morreu hoje aos 77 anos.<\/p>\n<p>Cerca das 20h00 deste domingo, dia 4, Zeca Pereira foi encontrado ca\u00eddo na casa de banho da sua casa nos arredores da cidade suspeitando-se de um ataque card\u00edaco fulminante.\u00a0Ainda foram feitas manobras de reanima\u00e7\u00e3o, mas n\u00e3o foi poss\u00edvel reverter a situa\u00e7\u00e3o.<\/p>\n<p>Professor reformado, Jos\u00e9 Pereira, foi presidente da Assembleia Municipal de Tomar, da associa\u00e7\u00e3o Canto Firme, da Associa\u00e7\u00e3o dos Forcados Amadores de Tomar, da Liga dos Amigos dos Bombeiros e membro da Comiss\u00e3o Central da Festa dos Tabuleiros, entre outros cargos.<\/p>\n<p>Desde 2023 que era Provedor do Mun\u00edcipe na c\u00e2mara de Tomar.<\/p>\n<p>Ainda n\u00e3o h\u00e1 informa\u00e7\u00e3o quanto \u00e0s cerim\u00f3nias f\u00fanebres.<\/p>\n<p>\u00c0 fam\u00edlia \u2013 dois filhos que trabalham no estrangeiro e a mulher que est\u00e1 doente \u2013 apresentamos sentidas condol\u00eancias.<\/p>\n","protected":false},"excerpt":{"rendered":"Jos\u00e9 Manuel Fortunato Pereira, conhecido por Zeca Pereira, atual Provedor do Mun\u00edcipe e ex-presidente da Assembleia Municipal de&hellip;\n","protected":false},"author":2,"featured_media":216987,"comment_status":"","ping_status":"","sticky":false,"template":"","format":"standard","meta":{"footnotes":""},"categories":[10],"tags":[27,28,15,16,14,25,26,21,22,12,13,19,20,32,23,24,33,17,18,29,30,31],"class_list":{"0":"post-216986","1":"post","2":"type-post","3":"status-publish","4":"format-standard","5":"has-post-thumbnail","7":"category-portugal","8":"tag-breaking-news","9":"tag-breakingnews","10":"tag-featured-news","11":"tag-featurednews","12":"tag-headlines","13":"tag-latest-news","14":"tag-latestnews","15":"tag-main-news","16":"tag-mainnews","17":"tag-news","18":"tag-noticias","19":"tag-noticias-principais","20":"tag-noticiasprincipais","21":"tag-portugal","22":"tag-principais-noticias","23":"tag-principaisnoticias","24":"tag-pt","25":"tag-top-stories","26":"tag-topstories","27":"tag-ultimas","28":"tag-ultimas-noticias","29":"tag-ultimasnoticias"},"share_on_mastodon":{"url":"https:\/\/pubeurope.com\/@pt\/115846297862824235","error":""},"_links":{"self":[{"href":"https:\/\/www.europesays.com\/pt\/wp-json\/wp\/v2\/posts\/216986","targetHints":{"allow":["GET"]}}],"collection":[{"href":"https:\/\/www.europesays.com\/pt\/wp-json\/wp\/v2\/posts"}],"about":[{"href":"https:\/\/www.europesays.com\/pt\/wp-json\/wp\/v2\/types\/post"}],"author":[{"embeddable":true,"href":"https:\/\/www.europesays.com\/pt\/wp-json\/wp\/v2\/users\/2"}],"replies":[{"embeddable":true,"href":"https:\/\/www.europesays.com\/pt\/wp-json\/wp\/v2\/comments?post=216986"}],"version-history":[{"count":0,"href":"https:\/\/www.europesays.com\/pt\/wp-json\/wp\/v2\/posts\/216986\/revisions"}],"wp:featuredmedia":[{"embeddable":true,"href":"https:\/\/www.europesays.com\/pt\/wp-json\/wp\/v2\/media\/216987"}],"wp:attachment":[{"href":"https:\/\/www.europesays.com\/pt\/wp-json\/wp\/v2\/media?parent=216986"}],"wp:term":[{"taxonomy":"category","embeddable":true,"href":"https:\/\/www.europesays.com\/pt\/wp-json\/wp\/v2\/categories?post=216986"},{"taxonomy":"post_tag","embeddable":true,"href":"https:\/\/www.europesays.com\/pt\/wp-json\/wp\/v2\/tags?post=216986"}],"curies":[{"name":"wp","href":"https:\/\/api.w.org\/{rel}","templated":true}]}}