{"id":217011,"date":"2026-01-06T05:20:08","date_gmt":"2026-01-06T05:20:08","guid":{"rendered":"https:\/\/www.europesays.com\/pt\/217011\/"},"modified":"2026-01-06T05:20:08","modified_gmt":"2026-01-06T05:20:08","slug":"mega-arranha-ceu-assume-posto-de-mais-alto-do-mundo-com-1-km-de-altura-e-desafia-as-leis-da-engenharia-2","status":"publish","type":"post","link":"https:\/\/www.europesays.com\/pt\/217011\/","title":{"rendered":"mega arranha-c\u00e9u assume posto de mais alto do mundo com 1 km de altura e desafia as leis da engenharia"},"content":{"rendered":"<p>A Ar\u00e1bia Saudita retomou a constru\u00e7\u00e3o da <strong>Jeddah Tower<\/strong>, um arranha-c\u00e9u que ganhar\u00e1 o t\u00edtulo de <strong>edif\u00edcio mais alto do mundo<\/strong>. Localizada na cidade de Jeddah, a torre foi projetada para ter 1.000 metros de altura, superando o Burj Khalifa, em Dubai, considerado hoje o maior arranha-c\u00e9u j\u00e1 constru\u00eddo pelo ser humano. As obras tiveram in\u00edcio em 2013, mas ficaram paralisadas por cerca de cinco anos devido a uma s\u00e9rie de atrasos. Agora, com o projeto novamente em andamento, a previs\u00e3o \u00e9 que a<strong> torre seja conclu\u00edda at\u00e9 2028<\/strong>.<\/p>\n<p>    <a href=\"https:\/\/www.xataka.com.br\/diversos\/na-china-existem-arranha-ceus-tao-altos-que-surgiu-uma-nova-profissao-pessoas-encarregadas-levar-refeicoes-aos-andares-mais-altos\" class=\"pivot-outboundlink\" data-vars-post-title=\"Na China, existem arranha-c\u00e9us t\u00e3o altos que surgiu uma nova profiss\u00e3o: pessoas encarregadas de levar refei\u00e7\u00f5es aos andares mais altos \" rel=\"nofollow noopener\" target=\"_blank\"><br \/>\n     <img loading=\"lazy\" decoding=\"async\" alt=\"Na China, existem arranha-c\u00e9us t\u00e3o altos que surgiu uma nova profiss\u00e3o: pessoas encarregadas de levar refei\u00e7\u00f5es aos andares mais altos \" width=\"375\" height=\"142\" src=\"https:\/\/www.europesays.com\/pt\/wp-content\/uploads\/2026\/01\/375_142.png\"\/><br \/>\n    <\/a><\/p>\n<p><strong>Um pr\u00e9dio de 1 km pensado para suportar vento, calor extremo e o pr\u00f3prio peso<\/strong><\/p>\n<p>Assinada pelo escrit\u00f3rio Adrian Smith + Gordon Gill, o mesmo respons\u00e1vel pelo Burj Khalifa, a Jeddah Tower foi desenhada para enfrentar condi\u00e7\u00f5es extremas. O formato afilado, inspirado em elementos do deserto, ajuda a<strong> reduzir o impacto dos ventos em grandes altitudes e aumenta a estabilidade da estrutura.<\/strong> A fachada de vidro inclinada e os recuos ao longo da torre permitem que o vento seja dispersado, diminuindo a press\u00e3o sobre o edif\u00edcio. Vale lembrar que em um projeto dessa escala, cada detalhe e decis\u00e3o tem impacto direto na seguran\u00e7a e na viabilidade da constru\u00e7\u00e3o.<\/p>\n<p><strong>Jeddah Tower conta com elevadores super r\u00e1pidos, \u00e1reas de ref\u00fagio e solu\u00e7\u00f5es in\u00e9ditas de seguran\u00e7a<\/strong><\/p>\n<p>                  <img class=\"centro_sinmarco\" height=\"748\" width=\"528\" loading=\"lazy\" decoding=\"async\"  fetchpriority=\"high\"  src=\"https:\/\/www.europesays.com\/pt\/wp-content\/uploads\/2026\/01\/450_1000.jpeg\" alt=\"Projeto Jeddah Tower. Cr\u00e9ditos: Adrian Smith\"\/><\/p>\n<p>        Jeddah Tower foi projetado para ter mais de 1.000 metros de altura. Cr\u00e9ditos: Adrian Smith<\/p>\n<p>Para funcionar, um arranha-c\u00e9u de 1.000 metros exige sistemas pouco comuns at\u00e9 mesmo entre os pr\u00e9dios mais altos do mundo. A Jeddah Tower vai contar com <strong>dezenas de elevadores de alta velocidade<\/strong>, capazes de percorrer grandes dist\u00e2ncias em poucos segundos, al\u00e9m de \u00e1reas de ref\u00fagio distribu\u00eddas ao longo da estrutura.<\/p>\n<p>O projeto de arquitetura tamb\u00e9m idealizou sistemas avan\u00e7ados de controle de inc\u00eandio, circula\u00e7\u00e3o interna e evacua\u00e7\u00e3o. A ideia \u00e9 garantir que milhares de pessoas possam circular e permanecer na torre com seguran\u00e7a, mesmo em situa\u00e7\u00f5es de emerg\u00eancia.<\/p>\n<p>    <a href=\"https:\/\/www.xataka.com.br\/diversos\/um-monstro-nos-ceus-plano-audacioso-e-quase-impossivel-criar-maior-avia-todos-sem-nunca-ter-feito-um-antes\" class=\"pivot-outboundlink\" data-vars-post-title=\"Um monstro nos c\u00e9us: o plano audacioso (e quase imposs\u00edvel) de criar o maior avi\u00e3o de todos sem nunca ter feito um antes\" rel=\"nofollow noopener\" target=\"_blank\"><br \/>\n     <img loading=\"lazy\" decoding=\"async\" alt=\"Um monstro nos c\u00e9us: o plano audacioso (e quase imposs\u00edvel) de criar o maior avi\u00e3o de todos sem nunca ter feito um antes\" width=\"375\" height=\"142\" src=\"https:\/\/www.europesays.com\/pt\/wp-content\/uploads\/2026\/01\/375_142.jpeg\"\/><br \/>\n    <\/a><\/p>\n<p><strong>Projeto ambicioso pretende revolucionar a arquitetura vertical\u00a0<\/strong><\/p>\n<p>A Jeddah Tower faz parte de um projeto urbano ousado que vai al\u00e9m de bater recordes. Ela ser\u00e1 o ponto central da Kingdom City, um <strong>megacomplexo urbano avaliado em cerca de US$20 bilh\u00f5es<\/strong>, planejado para abrigar aproximadamente <strong>100 mil pessoas<\/strong>. Dentro da pr\u00f3pria torre, est\u00e3o previstos apartamentos de alto padr\u00e3o, escrit\u00f3rios, um hotel de luxo e o mirante mais alto do mundo, com vista para o Mar Vermelho e para a cidade de Jeddah. A proposta \u00e9 transformar o edif\u00edcio em um polo econ\u00f4mico, tur\u00edstico e simb\u00f3lico para o pa\u00eds.<\/p>\n<p>Ao investir em uma estrutura como o Jeddah Tower, a Ar\u00e1bia Saudita segue uma estrat\u00e9gia semelhante \u00e0 adotada por Dubai, mas em escala ainda maior. Assim, a constru\u00e7\u00e3o se consolida como um marco arquitet\u00f4nico de um plano nacional que une<strong> infraestrutura, tecnologia e ambi\u00e7\u00e3o econ\u00f4mica.<\/strong><\/p>\n","protected":false},"excerpt":{"rendered":"A Ar\u00e1bia Saudita retomou a constru\u00e7\u00e3o da Jeddah Tower, um arranha-c\u00e9u que ganhar\u00e1 o t\u00edtulo de edif\u00edcio mais&hellip;\n","protected":false},"author":2,"featured_media":217012,"comment_status":"","ping_status":"","sticky":false,"template":"","format":"standard","meta":{"footnotes":""},"categories":[144],"tags":[207,205,206,203,201,202,204,114,115,32,33],"class_list":{"0":"post-217011","1":"post","2":"type-post","3":"status-publish","4":"format-standard","5":"has-post-thumbnail","7":"category-arte-e-design","8":"tag-arte","9":"tag-arte-e-design","10":"tag-artedesign","11":"tag-arts","12":"tag-arts-and-design","13":"tag-artsanddesign","14":"tag-design","15":"tag-entertainment","16":"tag-entretenimento","17":"tag-portugal","18":"tag-pt"},"share_on_mastodon":{"url":"https:\/\/pubeurope.com\/@pt\/115846474848578173","error":""},"_links":{"self":[{"href":"https:\/\/www.europesays.com\/pt\/wp-json\/wp\/v2\/posts\/217011","targetHints":{"allow":["GET"]}}],"collection":[{"href":"https:\/\/www.europesays.com\/pt\/wp-json\/wp\/v2\/posts"}],"about":[{"href":"https:\/\/www.europesays.com\/pt\/wp-json\/wp\/v2\/types\/post"}],"author":[{"embeddable":true,"href":"https:\/\/www.europesays.com\/pt\/wp-json\/wp\/v2\/users\/2"}],"replies":[{"embeddable":true,"href":"https:\/\/www.europesays.com\/pt\/wp-json\/wp\/v2\/comments?post=217011"}],"version-history":[{"count":0,"href":"https:\/\/www.europesays.com\/pt\/wp-json\/wp\/v2\/posts\/217011\/revisions"}],"wp:featuredmedia":[{"embeddable":true,"href":"https:\/\/www.europesays.com\/pt\/wp-json\/wp\/v2\/media\/217012"}],"wp:attachment":[{"href":"https:\/\/www.europesays.com\/pt\/wp-json\/wp\/v2\/media?parent=217011"}],"wp:term":[{"taxonomy":"category","embeddable":true,"href":"https:\/\/www.europesays.com\/pt\/wp-json\/wp\/v2\/categories?post=217011"},{"taxonomy":"post_tag","embeddable":true,"href":"https:\/\/www.europesays.com\/pt\/wp-json\/wp\/v2\/tags?post=217011"}],"curies":[{"name":"wp","href":"https:\/\/api.w.org\/{rel}","templated":true}]}}