{"id":217046,"date":"2026-01-06T06:16:18","date_gmt":"2026-01-06T06:16:18","guid":{"rendered":"https:\/\/www.europesays.com\/pt\/217046\/"},"modified":"2026-01-06T06:16:18","modified_gmt":"2026-01-06T06:16:18","slug":"por-que-a-mansao-de-renato-aragao-encareceu-r-2-milhoes-apos-virar-caso-de-justica","status":"publish","type":"post","link":"https:\/\/www.europesays.com\/pt\/217046\/","title":{"rendered":"Por que a mans\u00e3o de Renato Arag\u00e3o encareceu R$ 2 milh\u00f5es ap\u00f3s virar caso de Justi\u00e7a"},"content":{"rendered":"<p>Uma mans\u00e3o que pertence a Renato Arag\u00e3o e est\u00e1 \u00e0 venda teve seu valor aumentado depois que a imprensa revelou que o humorista est\u00e1 com o nome inscrito na D\u00edvida Ativa do munic\u00edpio do Rio por conta de d\u00e9bitos de IPTU. Antes, quem quisesse comprar o im\u00f3vel teria que desembolsar R$ 16 milh\u00f5es. Agora, R$ 18 milh\u00f5es.<\/p>\n<p>O aumento aconteceu depois que a coluna de Ancelmo Gois no jornal O Globo contou que a casa acumula R$ 548 mil em parcelas pendentes de IPTU. A imobili\u00e1ria divulga aos interessados que esse imposto custa, anualmente, R$ 40 mil.<\/p>\n<p>+\u00a0<a href=\"https:\/\/natelinha.uol.com.br\/famosos\/2026\/01\/05\/andressa-urach-se-veste-de-santa-apos-usar-biblia-para-justificar-video-com-filho-236129.php\" rel=\"nofollow noopener\" target=\"_blank\">Andressa Urach se veste de &#8216;santa&#8217; ap\u00f3s usar B\u00edblia para justificar v\u00eddeo com filho<\/a><\/p>\n<p>continua depois da publicidade<\/p>\n<p>+\u00a0<a href=\"https:\/\/natelinha.uol.com.br\/famosos\/2026\/01\/05\/verdinha-em-xeque-ludmilla-pode-ter-violado-lei-municipal-em-show-de-reveillon-entenda-236128.php\" rel=\"nofollow noopener\" target=\"_blank\">&#8220;Verdinha&#8221; em xeque: Ludmilla pode ter violado lei municipal em show de R\u00e9veillon; entenda<\/a><\/p>\n<p>At\u00e9 o \u00faltimo s\u00e1bado (3), a mans\u00e3o, localizada no Recreio dos Bandeirantes, na zona oeste do Rio, <a href=\"https:\/\/natelinha.uol.com.br\/famosos\/2026\/01\/04\/com-divida-de-iptu-mansao-de-renato-aragao-esta-a-venda-por-valor-milionario-saiba-quanto-236058.php\" rel=\"nofollow noopener\" target=\"_blank\">estava anunciada pelo pre\u00e7o antigo<\/a>, que consta no hist\u00f3rico do site da Muller Im\u00f3veis.<\/p>\n<p><img decoding=\"async\" loading=\"lazy\" class=\"horizontal\" src=\"https:\/\/www.europesays.com\/pt\/wp-content\/uploads\/2026\/01\/valor-mansao-renato-aragao-aumenta_2001.jpeg\" alt=\"Print de an\u00fancio de mans\u00e3o de Renato Arag\u00e3o que est\u00e1 \u00e0 venda\" width=\"1000\" height=\"410\"\/><\/p>\n<p>Saiba como \u00e9 a mans\u00e3o de Renato Arag\u00e3o<\/p>\n<p>Ainda de acordo com o an\u00fancio publicado pela imobili\u00e1ria, a mans\u00e3o cinematogr\u00e1fica de <a href=\"https:\/\/natelinha.uol.com.br\/famosos\/tudo-sobre\/renato-aragao\" rel=\"nofollow noopener\" target=\"_blank\">Renato Arag\u00e3o<\/a> tem, no primeiro lugar, sala de estar com mais de 100 m\u00b2, sala de costura, chapelaria, dois escrit\u00f3rios e biblioteca.<\/p>\n<p>Ainda no t\u00e9rreo, a casa conta conta com sala de jantar, tr\u00eas lavabos, bar, adega, copa cozinha com planejados, \u00e1rea de servi\u00e7o e quatro depend\u00eancias completas.<\/p>\n<p>continua depois da publicidade<\/p>\n<p>O segundo piso do im\u00f3vel, por sua vez, tem quatro su\u00edtes, sendo a master com quarto de vestir e sal\u00e3o de banho com banheira de hidromassagem.<\/p>\n<p>J\u00e1 a \u00e1rea externa da propriedade de Renato Arag\u00e3o disp\u00f5e de piscina, churrasqueira, sal\u00e3o de jogos, sal\u00e3o de festas, quadra de t\u00eanis, campo de futebol, quadra poliesportiva, pomar e jardins com paisagismo.<\/p>\n","protected":false},"excerpt":{"rendered":"Uma mans\u00e3o que pertence a Renato Arag\u00e3o e est\u00e1 \u00e0 venda teve seu valor aumentado depois que a&hellip;\n","protected":false},"author":2,"featured_media":217047,"comment_status":"","ping_status":"","sticky":false,"template":"","format":"standard","meta":{"footnotes":""},"categories":[145],"tags":[211,210,114,115,32,33,33957],"class_list":{"0":"post-217046","1":"post","2":"type-post","3":"status-publish","4":"format-standard","5":"has-post-thumbnail","7":"category-celebridades","8":"tag-celebridades","9":"tag-celebrities","10":"tag-entertainment","11":"tag-entretenimento","12":"tag-portugal","13":"tag-pt","14":"tag-renato-aragao"},"share_on_mastodon":{"url":"https:\/\/pubeurope.com\/@pt\/115846695036191202","error":""},"_links":{"self":[{"href":"https:\/\/www.europesays.com\/pt\/wp-json\/wp\/v2\/posts\/217046","targetHints":{"allow":["GET"]}}],"collection":[{"href":"https:\/\/www.europesays.com\/pt\/wp-json\/wp\/v2\/posts"}],"about":[{"href":"https:\/\/www.europesays.com\/pt\/wp-json\/wp\/v2\/types\/post"}],"author":[{"embeddable":true,"href":"https:\/\/www.europesays.com\/pt\/wp-json\/wp\/v2\/users\/2"}],"replies":[{"embeddable":true,"href":"https:\/\/www.europesays.com\/pt\/wp-json\/wp\/v2\/comments?post=217046"}],"version-history":[{"count":0,"href":"https:\/\/www.europesays.com\/pt\/wp-json\/wp\/v2\/posts\/217046\/revisions"}],"wp:featuredmedia":[{"embeddable":true,"href":"https:\/\/www.europesays.com\/pt\/wp-json\/wp\/v2\/media\/217047"}],"wp:attachment":[{"href":"https:\/\/www.europesays.com\/pt\/wp-json\/wp\/v2\/media?parent=217046"}],"wp:term":[{"taxonomy":"category","embeddable":true,"href":"https:\/\/www.europesays.com\/pt\/wp-json\/wp\/v2\/categories?post=217046"},{"taxonomy":"post_tag","embeddable":true,"href":"https:\/\/www.europesays.com\/pt\/wp-json\/wp\/v2\/tags?post=217046"}],"curies":[{"name":"wp","href":"https:\/\/api.w.org\/{rel}","templated":true}]}}