{"id":217056,"date":"2026-01-06T06:37:06","date_gmt":"2026-01-06T06:37:06","guid":{"rendered":"https:\/\/www.europesays.com\/pt\/217056\/"},"modified":"2026-01-06T06:37:06","modified_gmt":"2026-01-06T06:37:06","slug":"gota-de-sangue-da-ponta-do-dedo-pode-detetar-alzheimer","status":"publish","type":"post","link":"https:\/\/www.europesays.com\/pt\/217056\/","title":{"rendered":"Gota de sangue da ponta do dedo pode detetar Alzheimer"},"content":{"rendered":"<p>&#13;<br \/>\nUm estudo que envolveu o Instituto de Sa\u00fade Carlos III (Madrid) e o Centro de Investiga\u00e7\u00e3o de Alzheimer ACE, em Barcelona, divulgado na segunda-feira na revista Nature Medicine, detalhou um novo m\u00e9todo para detetar esta doen\u00e7a utilizando uma gota de sangue obtida da ponta do dedo e seca num cart\u00e3o.&#13;\n<\/p>\n<p>&#13;<br \/>\nO procedimento foi testado em 337 doentes em sete centros europeus para encontrar prote\u00ednas relacionadas com Alzheimer e outras altera\u00e7\u00f5es cerebrais no l\u00edquido cefalorraquidiano, alcan\u00e7ando 86% de precis\u00e3o na identifica\u00e7\u00e3o de altera\u00e7\u00f5es relacionadas com a doen\u00e7a.&#13;\n<\/p>\n<p>&#13;<br \/>\nO Alzheimer \u00e9 uma doen\u00e7a neurodegenerativa que afeta gravemente a mem\u00f3ria e outras fun\u00e7\u00f5es mentais, provocando uma perda progressiva de neur\u00f3nios \u00e0 medida que avan\u00e7a. A dete\u00e7\u00e3o precoce \u00e9 crucial para a implementa\u00e7\u00e3o de tratamentos que possam atrasar ou travar a sua progress\u00e3o.&#13;\n<\/p>\n<p>&#13;<br \/>\nCerca de uma em cada nove pessoas com mais de 65 anos sofre desta doen\u00e7a, segundo a Alzheimer`s Association.&#13;\n<\/p>\n<p>&#13;<br \/>\nOs exames de diagn\u00f3stico atuais, como a an\u00e1lise do l\u00edquido cefalorraquidiano ou t\u00e9cnicas de imagem cerebral (como a TAC ou a PET), s\u00e3o frequentemente invasivos, dispendiosos ou inacess\u00edveis, e tamb\u00e9m detetam a doen\u00e7a quando esta j\u00e1 est\u00e1 bastante avan\u00e7ada.&#13;\n<\/p>\n<p>&#13;<br \/>\nUm dos desafios da investiga\u00e7\u00e3o atual \u00e9 melhorar os exames de sangue como m\u00e9todo de diagn\u00f3stico precoce.&#13;\n<\/p>\n<p>&#13;<br \/>\nUma das limita\u00e7\u00f5es pr\u00e1ticas destes exames ao sangue \u00e9 o manuseamento e armazenamento das amostras, bem como a disponibilidade de pessoal qualificado para as recolher.&#13;\n<\/p>\n<p>&#13;<br \/>\nPara superar este desafio, o presente estudo centra-se na an\u00e1lise de biomarcadores a partir de gotas de sangue recolhidas da ponta do dedo e secas num cart\u00e3o. Trata-se de um teste que os doentes podem realizar sozinhos, sem ajuda externa, como foi o caso neste estudo.&#13;\n<\/p>\n<p>&#13;<br \/>\nOs autores verificaram que os n\u00edveis da prote\u00edna p-tau217 em amostras obtidas atrav\u00e9s da impress\u00e3o digital apresentaram uma elevada semelhan\u00e7a com os resultados dos exames de sangue convencionais e permitiram a identifica\u00e7\u00e3o de altera\u00e7\u00f5es relacionadas com a doen\u00e7a de Alzheimer no l\u00edquido cefalorraquidiano com 86% de precis\u00e3o.&#13;\n<\/p>\n<p>&#13;<br \/>\nOutros dois biomarcadores associados \u00e0 doen\u00e7a, o GFAP e o NFL, foram tamb\u00e9m medidos com sucesso e apresentaram um elevado grau de concord\u00e2ncia com os testes de diagn\u00f3stico tradicionais.&#13;\n<\/p>\n<p>&#13;<br \/>\nOs investigadores alertaram tamb\u00e9m que este procedimento de diagn\u00f3stico ainda n\u00e3o est\u00e1 pronto para uso cl\u00ednico e requer um desenvolvimento adicional.&#13;\n<\/p>\n<p>&#13;<br \/>\nNo entanto, os resultados sugerem que esta t\u00e9cnica simples pode possibilitar diagn\u00f3sticos em larga escala, incluindo para pessoas com recursos limitados.&#13;\n<\/p>\n<p>&#13;<br \/>\n\u00a0&#13;<\/p>\n","protected":false},"excerpt":{"rendered":"&#13; Um estudo que envolveu o Instituto de Sa\u00fade Carlos III (Madrid) e o Centro de Investiga\u00e7\u00e3o de&hellip;\n","protected":false},"author":2,"featured_media":217057,"comment_status":"","ping_status":"","sticky":false,"template":"","format":"standard","meta":{"footnotes":""},"categories":[86],"tags":[314,42201,116,32,33,117],"class_list":{"0":"post-217056","1":"post","2":"type-post","3":"status-publish","4":"format-standard","5":"has-post-thumbnail","7":"category-saude","8":"tag-alzheimer","9":"tag-alzheimer-ace","10":"tag-health","11":"tag-portugal","12":"tag-pt","13":"tag-saude"},"share_on_mastodon":{"url":"https:\/\/pubeurope.com\/@pt\/115846777583988585","error":""},"_links":{"self":[{"href":"https:\/\/www.europesays.com\/pt\/wp-json\/wp\/v2\/posts\/217056","targetHints":{"allow":["GET"]}}],"collection":[{"href":"https:\/\/www.europesays.com\/pt\/wp-json\/wp\/v2\/posts"}],"about":[{"href":"https:\/\/www.europesays.com\/pt\/wp-json\/wp\/v2\/types\/post"}],"author":[{"embeddable":true,"href":"https:\/\/www.europesays.com\/pt\/wp-json\/wp\/v2\/users\/2"}],"replies":[{"embeddable":true,"href":"https:\/\/www.europesays.com\/pt\/wp-json\/wp\/v2\/comments?post=217056"}],"version-history":[{"count":0,"href":"https:\/\/www.europesays.com\/pt\/wp-json\/wp\/v2\/posts\/217056\/revisions"}],"wp:featuredmedia":[{"embeddable":true,"href":"https:\/\/www.europesays.com\/pt\/wp-json\/wp\/v2\/media\/217057"}],"wp:attachment":[{"href":"https:\/\/www.europesays.com\/pt\/wp-json\/wp\/v2\/media?parent=217056"}],"wp:term":[{"taxonomy":"category","embeddable":true,"href":"https:\/\/www.europesays.com\/pt\/wp-json\/wp\/v2\/categories?post=217056"},{"taxonomy":"post_tag","embeddable":true,"href":"https:\/\/www.europesays.com\/pt\/wp-json\/wp\/v2\/tags?post=217056"}],"curies":[{"name":"wp","href":"https:\/\/api.w.org\/{rel}","templated":true}]}}