{"id":217104,"date":"2026-01-06T07:55:07","date_gmt":"2026-01-06T07:55:07","guid":{"rendered":"https:\/\/www.europesays.com\/pt\/217104\/"},"modified":"2026-01-06T07:55:07","modified_gmt":"2026-01-06T07:55:07","slug":"marques-mendes-alerta-que-proximo-orcamento-do-estado-pode-ser-chumbado-politica","status":"publish","type":"post","link":"https:\/\/www.europesays.com\/pt\/217104\/","title":{"rendered":"Marques Mendes alerta que pr\u00f3ximo Or\u00e7amento do Estado pode ser chumbado &#8211; Pol\u00edtica"},"content":{"rendered":"<p>                    Quando S\u00e1 Carneiro e Passos Coelho chegaram \u00e0 campanha  <\/p>\n<p class=\"\">&#13;<br \/>\n        O apelo do primeiro-ministro ao voto \u00fatil em Marques Mendes marcou esta segunda-feira a campanha eleitoral para as elei\u00e7\u00f5es presidenciais, num dia em que o nome de Pedro Passos Coelho surgiu entre alguns dos protagonistas da corrida a Bel\u00e9m.&#13;\n    <\/p>\n<p class=\"\">&#13;<br \/>\n        Um dia depois de Lu\u00eds Montenegro ter apelado \u00e0 concentra\u00e7\u00e3o do voto em Marques Mendes de &#8220;socialistas moderados, liberais, sociais-democratas e democratas-crist\u00e3os&#8221;, avisando que votar em Cotrim ou Seguro n\u00e3o garante uma segunda volta sem &#8220;dois candidatos populistas&#8221;, surgiram rea\u00e7\u00f5es dos candidatos mais visados e com o candidato apoiado por PSD e CDS-PP a defender as declara\u00e7\u00f5es do primeiro-ministro.&#13;\n    <\/p>\n<p class=\"\">&#13;<br \/>\n        Em Campo Maior, no distrito de Portalegre, onde visitou a f\u00e1brica da Delta, o candidato presidencial Gouveia e Melo acusou o primeiro-ministro de procurar condicionar a escolha dos portugueses nas elei\u00e7\u00f5es e salientou que o pr\u00f3ximo chefe de Estado n\u00e3o pode ser nem marioneta nem oposi\u00e7\u00e3o ao Governo.&#13;\n    <\/p>\n<p class=\"\">&#13;<br \/>\n        O ex-chefe do Estado-Maior da Armada come\u00e7ou por prometer que, se for eleito Presidente da Rep\u00fablica, ter\u00e1 &#8220;uma rela\u00e7\u00e3o construtiva e institucional&#8221; com o Governo, mas assinalou logo a seguir que ouviu &#8220;com desagrado as declara\u00e7\u00f5es do primeiro-ministro&#8221;.&#13;\n    <\/p>\n<p class=\"\">&#13;<br \/>\n        Gouveia e Melo evocou tamb\u00e9m a a\u00e7\u00e3o pol\u00edtica do antigo primeiro-ministro social-democrata Francisco S\u00e1 Carneiro, destacando as suas preocupa\u00e7\u00f5es sociais, em contraponto aos neoliberais, e criticou quem tenta atualmente apropriar-se do seu legado.&#13;\n    <\/p>\n<p class=\"\">&#13;<br \/>\n        Tamb\u00e9m Jo\u00e3o Cotrim Figueiredo considerou que o apelo ao voto de Lu\u00eds Montenegro em Marques Mendes demonstra &#8220;preocupa\u00e7\u00e3o e fraqueza&#8221;.&#13;\n    <\/p>\n<p class=\"\">&#13;<br \/>\n        &#8220;Isto, agora, parece estar a preocupar tanto o PSD que vem o presidente do pr\u00f3prio partido tentar apelar ao voto \u00fatil no seu candidato. N\u00e3o seria necess\u00e1rio se o candidato fosse capaz de granjear e mobilizar todo o eleitorado da Alian\u00e7a Democr\u00e1tica (AD)&#8221;, disse o candidato apoiado pelo Iniciativa Liberal, no final de uma visita ao Centro Social Interparoquial de Santar\u00e9m.&#13;\n    <\/p>\n<p class=\"\">&#13;<br \/>\n        Inicialmente Marques Mendes considerou correta a mensagem do l\u00edder do PSD, mas recusou ser o candidato do Governo e, mais tarde, durante um almo\u00e7o com apoiantes em Coimbra, respondeu \u00e0s cr\u00edticas sobre o primeiro-ministro, sublinhando que se tratou de &#8220;um ato de coer\u00eancia e de for\u00e7a&#8221;.&#13;\n    <\/p>\n<p class=\"\">&#13;<br \/>\n        &#8220;Vi a\u00ed v\u00e1rias opini\u00f5es, incluindo de candidatos, meus advers\u00e1rios, a dizerem que \u00e9 um ato de fraqueza o primeiro-ministro ter participado ontem num ato da minha campanha eleitoral. Eu devo dizer que penso exatamente o contr\u00e1rio, a participa\u00e7\u00e3o de Lu\u00eds Montenegro na minha campanha eleitoral n\u00e3o \u00e9 um ato de fraqueza, \u00e9 um ato de coer\u00eancia e \u00e9 um ato de for\u00e7a&#8221;, defendeu.&#13;\n    <\/p>\n<p class=\"\">&#13;<br \/>\n        O antigo primeiro-ministro Pedro Passos Coelho entrou na campanha com o candidato Andr\u00e9 Ventura a afirmar que ficaria honrado se tivesse ao seu lado Pedro Passos Coelho, considerando que prefere ser visto como herdeiro daquele antigo primeiro-ministro do que de Ant\u00f3nio Costa.&#13;\n    <\/p>\n<p class=\"\">&#13;<br \/>\n        &#8220;Eu penso que o doutor Pedro Passos Coelho j\u00e1 disse que n\u00e3o vai tomar posi\u00e7\u00e3o nestas elei\u00e7\u00f5es presidenciais. Se me dissesse assim: &#8216;Se ele estivesse agora aqui, ao seu lado, o doutor Pedro Passos Coelho, ficava honrado com isso? Ficava&#8221;, disse o tamb\u00e9m presidente do Chega, que falava aos jornalistas durante uma arruada em Sines, no distrito de Set\u00fabal.&#13;\n    <\/p>\n<p class=\"\">&#13;<br \/>\n        J\u00e1 se tivesse ao seu lado, na campanha, Ant\u00f3nio Costa, &#8220;corria com ele&#8221;, disse.&#13;\n    <\/p>\n<p class=\"\">&#13;<br \/>\n        Tamb\u00e9m Catarina Martins lembrou o antigo primeiro-ministro social-democrata ao considerar que Mendes, Seguro, Ventura e Cotrim s\u00e3o &#8220;herdeiros de Passos Coelho&#8221; e, recordando o per\u00edodo de interven\u00e7\u00e3o da &#8216;troika&#8217;, sublinhou que quem quiser &#8220;puxar pelos sal\u00e1rios&#8221; sabe em quem dever\u00e1 votar.&#13;\n    <\/p>\n<p class=\"\">&#13;<br \/>\n        &#8220;Quando penso nos or\u00e7amentos de (Pedro) Passos Coelho e no seu Governo, lembro-me do pa\u00eds a empobrecer, das pens\u00f5es cortadas contra a Constitui\u00e7\u00e3o. Quem tiver saudades dos alunos com fome nas escolas, talvez goste muito desta heran\u00e7a de Passos Coelho&#8221;, afirmou a candidata apoiada pelo Bloco de Esquerda.&#13;\n    <\/p>\n<p class=\"\">&#13;<br \/>\n        Concorrem tamb\u00e9m \u00e0s elei\u00e7\u00f5es presidenciais Ant\u00f3nio Jos\u00e9 Seguro (apoiado pelo PS), Ant\u00f3nio Filipe (apoiado pelo PCP), Jorge Pinto (apoiado pelo Livre), o pintor Humberto Correia, o sindicalista Andr\u00e9 Pestana e o m\u00fasico Manuel Jo\u00e3o Vieira.&#13;\n    <\/p>\n<p class=\"\">&#13;<br \/>\n        A campanha para as elei\u00e7\u00f5es presidenciais de 18 de janeiro termina no dia 16, para o habitual dia de reflex\u00e3o na v\u00e9spera do sufr\u00e1gio.&#13;\n    <\/p>\n","protected":false},"excerpt":{"rendered":"Quando S\u00e1 Carneiro e Passos Coelho chegaram \u00e0 campanha &#13; O apelo do primeiro-ministro ao voto \u00fatil em&hellip;\n","protected":false},"author":2,"featured_media":217105,"comment_status":"","ping_status":"","sticky":false,"template":"","format":"standard","meta":{"footnotes":""},"categories":[10],"tags":[27,28,15,16,14,25,26,21,22,12,13,19,20,32,23,24,33,17,18,29,30,31],"class_list":{"0":"post-217104","1":"post","2":"type-post","3":"status-publish","4":"format-standard","5":"has-post-thumbnail","7":"category-portugal","8":"tag-breaking-news","9":"tag-breakingnews","10":"tag-featured-news","11":"tag-featurednews","12":"tag-headlines","13":"tag-latest-news","14":"tag-latestnews","15":"tag-main-news","16":"tag-mainnews","17":"tag-news","18":"tag-noticias","19":"tag-noticias-principais","20":"tag-noticiasprincipais","21":"tag-portugal","22":"tag-principais-noticias","23":"tag-principaisnoticias","24":"tag-pt","25":"tag-top-stories","26":"tag-topstories","27":"tag-ultimas","28":"tag-ultimas-noticias","29":"tag-ultimasnoticias"},"share_on_mastodon":{"url":"https:\/\/pubeurope.com\/@pt\/115847084336145017","error":""},"_links":{"self":[{"href":"https:\/\/www.europesays.com\/pt\/wp-json\/wp\/v2\/posts\/217104","targetHints":{"allow":["GET"]}}],"collection":[{"href":"https:\/\/www.europesays.com\/pt\/wp-json\/wp\/v2\/posts"}],"about":[{"href":"https:\/\/www.europesays.com\/pt\/wp-json\/wp\/v2\/types\/post"}],"author":[{"embeddable":true,"href":"https:\/\/www.europesays.com\/pt\/wp-json\/wp\/v2\/users\/2"}],"replies":[{"embeddable":true,"href":"https:\/\/www.europesays.com\/pt\/wp-json\/wp\/v2\/comments?post=217104"}],"version-history":[{"count":0,"href":"https:\/\/www.europesays.com\/pt\/wp-json\/wp\/v2\/posts\/217104\/revisions"}],"wp:featuredmedia":[{"embeddable":true,"href":"https:\/\/www.europesays.com\/pt\/wp-json\/wp\/v2\/media\/217105"}],"wp:attachment":[{"href":"https:\/\/www.europesays.com\/pt\/wp-json\/wp\/v2\/media?parent=217104"}],"wp:term":[{"taxonomy":"category","embeddable":true,"href":"https:\/\/www.europesays.com\/pt\/wp-json\/wp\/v2\/categories?post=217104"},{"taxonomy":"post_tag","embeddable":true,"href":"https:\/\/www.europesays.com\/pt\/wp-json\/wp\/v2\/tags?post=217104"}],"curies":[{"name":"wp","href":"https:\/\/api.w.org\/{rel}","templated":true}]}}