{"id":217114,"date":"2026-01-06T08:09:12","date_gmt":"2026-01-06T08:09:12","guid":{"rendered":"https:\/\/www.europesays.com\/pt\/217114\/"},"modified":"2026-01-06T08:09:12","modified_gmt":"2026-01-06T08:09:12","slug":"assalta-cafe-em-braga-e-deixa-proprietaria-ferida-ficou-tudo-filmado","status":"publish","type":"post","link":"https:\/\/www.europesays.com\/pt\/217114\/","title":{"rendered":"Assalta caf\u00e9 em Braga e deixa propriet\u00e1ria ferida (ficou tudo filmado)"},"content":{"rendered":"<p>A propriet\u00e1ria do Caf\u00e9 Caracas ficou ferida durante um roubo cometido dentro do seu estabelecimento, situado face \u00e0 Estrada Nacional 309, em Lomar, Braga.<\/p>\n<p>&#13;<br \/>\n&#13;<br \/>\n&#13;<\/p>\n<p>O assalto ficou registado pelas c\u00e2maras de videovigil\u00e2ncia.<\/p>\n<p>A mulher foi conduzida ao Hospital de Braga, mas em estado que n\u00e3o inspira grandes cuidados<\/p>\n<p>A v\u00edtima estava com uma cliente, a ver televis\u00e3o, cerca das 07:15 desta segunda-feira, quando inesperadamente um homem com rosto tapado, de cerca de 30 anos, se apoderou da sua mochila pessoal, contendo dinheiro e documentos pessoais.<\/p>\n<p><img loading=\"lazy\" data-dominant-color=\"878593\" data-has-transparency=\"false\" style=\"--dominant-color: #878593;\" decoding=\"async\" width=\"1024\" height=\"609\" alt=\"Assalta caf\u00e9 em braga e deixa propriet\u00e1ria ferida (ficou tudo filmado)\" class=\"wp-image-634240 not-transparent perfmatters-lazy\" title=\"Assalta caf\u00e9 em braga e deixa propriet\u00e1ria ferida (ficou tudo filmado) 6\" src=\"https:\/\/www.europesays.com\/pt\/wp-content\/uploads\/2026\/01\/WhatsApp-Image-2026-01-05-at-12.19.50.jpeg\"  data-\/>Foto: Joaquim Gomes \/ O MINHO<\/p>\n<p>Eug\u00e9nia Vilela, de 44 anos, foi atr\u00e1s do ladr\u00e3o, acompanhada da \u00fanica cliente que se encontrava no Caf\u00e9 Caracas, tendo ainda conseguido recuperar os documentos, enquanto o assaltante fugiu com algumas dezenas de euros, para paradeiro desconhecido.<\/p>\n<p>\u201cA minha esposa sofreu v\u00e1rios ferimentos, dado tentar agarrar o ladr\u00e3o e ter ca\u00eddo, ainda est\u00e1 a mancar, mas j\u00e1 livre de perigo\u201d, afirmou a O MINHO S\u00e9rgio Ara\u00fajo, marido da v\u00edtima do roubo, que aquando do assalto n\u00e3o estava no estabelecimento.<\/p>\n<p>\u201cAquilo foi tudo muito r\u00e1pido, ele entrou sorrateiramente enquanto viam o notici\u00e1rio pelo televisor, quando ouviu barulho, de in\u00edcio a minha esposa pensou tratar-se de uma brincadeira, mas infelizmente era mesmo roubo a s\u00e9rio\u201d, afirmou S\u00e9rgio Ara\u00fajo.<\/p>\n<p>O Comando Distrital de Braga da PSP, atrav\u00e9s de diversas patrulhas e da Brigada Permanente da Esquadra de Investiga\u00e7\u00e3o Criminal, tomou conta da ocorr\u00eancia, estando a desenvolver dilig\u00eancias tendentes a identificar o ladr\u00e3o para a sua deten\u00e7\u00e3o.<\/p>\n","protected":false},"excerpt":{"rendered":"A propriet\u00e1ria do Caf\u00e9 Caracas ficou ferida durante um roubo cometido dentro do seu estabelecimento, situado face \u00e0&hellip;\n","protected":false},"author":2,"featured_media":217115,"comment_status":"","ping_status":"","sticky":false,"template":"","format":"standard","meta":{"footnotes":""},"categories":[10],"tags":[27,28,15,16,14,25,26,21,22,12,13,19,20,32,23,24,33,17,18,29,30,31],"class_list":{"0":"post-217114","1":"post","2":"type-post","3":"status-publish","4":"format-standard","5":"has-post-thumbnail","7":"category-portugal","8":"tag-breaking-news","9":"tag-breakingnews","10":"tag-featured-news","11":"tag-featurednews","12":"tag-headlines","13":"tag-latest-news","14":"tag-latestnews","15":"tag-main-news","16":"tag-mainnews","17":"tag-news","18":"tag-noticias","19":"tag-noticias-principais","20":"tag-noticiasprincipais","21":"tag-portugal","22":"tag-principais-noticias","23":"tag-principaisnoticias","24":"tag-pt","25":"tag-top-stories","26":"tag-topstories","27":"tag-ultimas","28":"tag-ultimas-noticias","29":"tag-ultimasnoticias"},"share_on_mastodon":{"url":"https:\/\/pubeurope.com\/@pt\/115847139436514334","error":""},"_links":{"self":[{"href":"https:\/\/www.europesays.com\/pt\/wp-json\/wp\/v2\/posts\/217114","targetHints":{"allow":["GET"]}}],"collection":[{"href":"https:\/\/www.europesays.com\/pt\/wp-json\/wp\/v2\/posts"}],"about":[{"href":"https:\/\/www.europesays.com\/pt\/wp-json\/wp\/v2\/types\/post"}],"author":[{"embeddable":true,"href":"https:\/\/www.europesays.com\/pt\/wp-json\/wp\/v2\/users\/2"}],"replies":[{"embeddable":true,"href":"https:\/\/www.europesays.com\/pt\/wp-json\/wp\/v2\/comments?post=217114"}],"version-history":[{"count":0,"href":"https:\/\/www.europesays.com\/pt\/wp-json\/wp\/v2\/posts\/217114\/revisions"}],"wp:featuredmedia":[{"embeddable":true,"href":"https:\/\/www.europesays.com\/pt\/wp-json\/wp\/v2\/media\/217115"}],"wp:attachment":[{"href":"https:\/\/www.europesays.com\/pt\/wp-json\/wp\/v2\/media?parent=217114"}],"wp:term":[{"taxonomy":"category","embeddable":true,"href":"https:\/\/www.europesays.com\/pt\/wp-json\/wp\/v2\/categories?post=217114"},{"taxonomy":"post_tag","embeddable":true,"href":"https:\/\/www.europesays.com\/pt\/wp-json\/wp\/v2\/tags?post=217114"}],"curies":[{"name":"wp","href":"https:\/\/api.w.org\/{rel}","templated":true}]}}