{"id":217120,"date":"2026-01-06T08:14:11","date_gmt":"2026-01-06T08:14:11","guid":{"rendered":"https:\/\/www.europesays.com\/pt\/217120\/"},"modified":"2026-01-06T08:14:11","modified_gmt":"2026-01-06T08:14:11","slug":"ha-um-novo-comunicado-oficial-sobre-maycon-douglas-leia-aqui","status":"publish","type":"post","link":"https:\/\/www.europesays.com\/pt\/217120\/","title":{"rendered":"H\u00e1 um novo comunicado oficial sobre Maycon Douglas: leia aqui!"},"content":{"rendered":"<p>Maycon Douglas est\u00e1 desaparecido desde as 05:00 horas do dia 31 de dezembro, quando foi visto pela \u00faltima vez na zona da Nazar\u00e9. \u00c9 l\u00e1, de resto, que t\u00eam prosseguido as buscas pelo ex-concorrente da oitava edi\u00e7\u00e3o de &#8220;<a href=\"https:\/\/tvi.iol.pt\/secretstory\/\" target=\"_blank\" rel=\"nofollow noopener\">Secret Story<\/a> &#8211; Casa dos Segredos&#8221;.<\/p>\n<p>Diariamente, Renata Reis e outros ex-participantes do mesmo reality show da <a href=\"https:\/\/tvi.iol.pt\/\" target=\"_blank\" rel=\"nofollow noopener\">TVI<\/a> t\u00eam partilhado, por interm\u00e9dio do Instagram, comunicados a dar conta da evolu\u00e7\u00e3o do misterioso desaparecimento.<\/p>\n<p>&#8220;At\u00e9 ao momento, n\u00e3o existem novas informa\u00e7\u00f5es oficiais relativamente ao desaparecimento de <a href=\"https:\/\/selfie.iol.pt\/famosos\/maycon-douglas\/desaparecimento-de-maycon-douglas-esta-a-ser-equacionado-cenario-de-crime\/20260105\/695bb0ded34e2bd5c6d5d509\" target=\"_blank\" rel=\"nofollow noopener\">Maycon Douglas<\/a>&#8220;, pode ler-se, na nota divulgada, esta segunda-feira, dia 5, por Renata Reis, por quem o jovem se apaixonou na casa mais vigiada do Pa\u00eds e com quem manteve um namoro.<\/p>\n<p>&#8220;Reiteramos o apelo para que n\u00e3o se crie especula\u00e7\u00e3o nas redes sociais, nem se partilhem informa\u00e7\u00f5es n\u00e3o confirmadas&#8221;, pede-se ainda, agradecendo-se &#8220;o respeito, a responsabilidade e a empatia&#8221;.<\/p>\n<p>O carro de <a href=\"https:\/\/selfie.iol.pt\/famosos\/secret-story-casa-dos-segredos-8\/maycon-douglas-ja-foi-ouvida-uma-pessoa-e-mais-podem-ser-chamadas-pelas-autoridades\/20260105\/695bdbfdd34e3caad84d1e15\" target=\"_blank\" rel=\"nofollow noopener\">Maycon Douglas<\/a> foi encontrado submerso, a seis metros de profundidade, na Praia do Norte. N\u00e3o foi encontrado qualquer corpo na viatura, nem na \u00e1rea circundante.<\/p>\n<p style=\"text-align:center\"><img loading=\"lazy\" decoding=\"async\" alt=\"\" height=\"889\" src=\"https:\/\/www.europesays.com\/pt\/wp-content\/uploads\/2026\/01\/695c294ad34e2bd5c6d5dbdd.webp\" width=\"500\"\/><\/p>\n<p>\u00a0<\/p>\n","protected":false},"excerpt":{"rendered":"Maycon Douglas est\u00e1 desaparecido desde as 05:00 horas do dia 31 de dezembro, quando foi visto pela \u00faltima&hellip;\n","protected":false},"author":2,"featured_media":217121,"comment_status":"","ping_status":"","sticky":false,"template":"","format":"standard","meta":{"footnotes":""},"categories":[142],"tags":[2632,7869,114,115,6309,980,1015,10223,619,32,33,1014,2115,1315,6985,7868,7867,1012,6986,7870,151,162],"class_list":{"0":"post-217120","1":"post","2":"type-post","3":"status-publish","4":"format-standard","5":"has-post-thumbnail","7":"category-tv","8":"tag-casa-dos-segredos","9":"tag-casa-dos-segredos-8","10":"tag-entertainment","11":"tag-entretenimento","12":"tag-ex-concorrente","13":"tag-famosos","14":"tag-instagram","15":"tag-maycon-douglas","16":"tag-nacional","17":"tag-portugal","18":"tag-pt","19":"tag-reality-show","20":"tag-renata-reis","21":"tag-secret-story","22":"tag-secret-story-casa-dos-segredos","23":"tag-secret-story-casa-dos-segredos-8","24":"tag-secret-story-8","25":"tag-selfie","26":"tag-ss","27":"tag-ss8","28":"tag-tv","29":"tag-tvi"},"share_on_mastodon":{"url":"https:\/\/pubeurope.com\/@pt\/115847159001902663","error":""},"_links":{"self":[{"href":"https:\/\/www.europesays.com\/pt\/wp-json\/wp\/v2\/posts\/217120","targetHints":{"allow":["GET"]}}],"collection":[{"href":"https:\/\/www.europesays.com\/pt\/wp-json\/wp\/v2\/posts"}],"about":[{"href":"https:\/\/www.europesays.com\/pt\/wp-json\/wp\/v2\/types\/post"}],"author":[{"embeddable":true,"href":"https:\/\/www.europesays.com\/pt\/wp-json\/wp\/v2\/users\/2"}],"replies":[{"embeddable":true,"href":"https:\/\/www.europesays.com\/pt\/wp-json\/wp\/v2\/comments?post=217120"}],"version-history":[{"count":0,"href":"https:\/\/www.europesays.com\/pt\/wp-json\/wp\/v2\/posts\/217120\/revisions"}],"wp:featuredmedia":[{"embeddable":true,"href":"https:\/\/www.europesays.com\/pt\/wp-json\/wp\/v2\/media\/217121"}],"wp:attachment":[{"href":"https:\/\/www.europesays.com\/pt\/wp-json\/wp\/v2\/media?parent=217120"}],"wp:term":[{"taxonomy":"category","embeddable":true,"href":"https:\/\/www.europesays.com\/pt\/wp-json\/wp\/v2\/categories?post=217120"},{"taxonomy":"post_tag","embeddable":true,"href":"https:\/\/www.europesays.com\/pt\/wp-json\/wp\/v2\/tags?post=217120"}],"curies":[{"name":"wp","href":"https:\/\/api.w.org\/{rel}","templated":true}]}}