{"id":217163,"date":"2026-01-06T09:11:17","date_gmt":"2026-01-06T09:11:17","guid":{"rendered":"https:\/\/www.europesays.com\/pt\/217163\/"},"modified":"2026-01-06T09:11:17","modified_gmt":"2026-01-06T09:11:17","slug":"tenso-noelia-e-pedro-barroso-entram-em-confronto-direto-possuida-tvi-player","status":"publish","type":"post","link":"https:\/\/www.europesays.com\/pt\/217163\/","title":{"rendered":"Tenso: No\u00e9lia e Pedro Barroso entram em confronto direto \u00abPossu\u00edda\u00bb &#8211; TVI Player"},"content":{"rendered":"<ol>\n<li><a href=\"https:\/\/news.google.com\/rss\/articles\/CBMiowFBVV95cUxQTFI1V2JvRnhyTGdsMnlYV1pqWkVPZUlGazFDUlowblRocEJlbDItS0R6bWVHTXZFY2VLOUpKd0dVbDhHdGJfQzZuUkZxYmhUcTFrT05LV2FKVHZLUXlfN0ttYVd4VTF5Q1pkaHU0cU5DUU03d0xDTmQ4em1rejVPMjA2aWNYbWRvZjdjR0FGdkgwdUt4V1hHTGdWUWs4TE1sdy1J?oc=5\" target=\"_blank\" rel=\"nofollow noopener\">Tenso: No\u00e9lia e Pedro Barroso entram em confronto direto \u00abPossu\u00edda\u00bb<\/a>&nbsp;&nbsp;TVI Player<\/li>\n<li><a href=\"https:\/\/news.google.com\/rss\/articles\/CBMiqwFBVV95cUxQWG1EWGxJTE5zUlByOWl6OHpXTG5oV085Vjk3czZaQVFHWU1FamtocWU5QTVLLTNzY0VsdmVaem1XdmMtTUtqa0o0T3VEblBVLWFDMjMzRVBMcTlXQjRHbDlnMmR6TlFrTUlObkN1d29xeFk3VGlLaU5nX2o2OTJQbWFxbXlXZEFEWDR1bEhKTGQyZDlmQnp5cTd5aDc2RGFQOWVENVFjbGJuVDg?oc=5\" target=\"_blank\" rel=\"nofollow noopener\">Pedro Barroso sobre No\u00e9lia Pereira: \u201cA imagem da pobre coitadinha [\u2026] que trabalha na fruta\u2026\u201d<\/a>&nbsp;&nbsp;Hiper Fm<\/li>\n<li><a href=\"https:\/\/news.google.com\/rss\/articles\/CBMizwFBVV95cUxNbWd5dThJMmcycDBicWs4NFFrUGVHTHhjQmNBWkZjNlI0M2pnZ0R5WGJyN216RWtuRjE4emVRdHFiWEdRcXQ5M1c0UG92ZU5jVk5hSGpHZDN3dm1uMExpZnZfNWRmMVdfMFoxY3U0eFl5MkQ1a0xZR3F2RnRMWExDQnprOHp6cER3OVE5TlVOSlNoNTd3MWRkUVNhWldfZGs4MHZVckdIZzY0Rk9rWDNLOE1fNnVIRE5GRnRpMkV2UUd5ZnZKdGF0aGV1QjBLYUk?oc=5\" target=\"_blank\" rel=\"nofollow noopener\">Luxos e mais luxos! As primeiras imagens da t\u00e3o desejada inaugura\u00e7\u00e3o da Sala VIP<\/a>&nbsp;&nbsp;Not\u00edcias de hoje &#8211; IOL<\/li>\n<li><a href=\"https:\/\/news.google.com\/rss\/articles\/CBMiowFBVV95cUxNYllUZkRyZzBKNkZXTlg4c3dOQTAtbFNDS3hDdXBoajQ5QzFFWWFGMzczdmxjNUJRdkNjdTBJc0hnSkNXeFdpOVhsaExVM0tVajM1SWNMcFN1bGplOEdQZDM4elRDR21zbTdGYy1SZE1xbmFLTjhiZHpad29JaUZRZzdRS1AtN3pmU2NfR3l6VXNXT0k2UnV6MG5xRFJHcWVjSGlN?oc=5\" target=\"_blank\" rel=\"nofollow noopener\">Pedro Barroso e No\u00e9lia Pereira em confronto explosivo na \u201c1\u00aa Companhia\u201d<\/a>&nbsp;&nbsp;A Televis\u00e3o<\/li>\n<li><a href=\"https:\/\/news.google.com\/rss\/articles\/CBMisgFBVV95cUxPZVV3aHQ5X1FxcHZSbXR1UzF5MzdmRTlLN0E3WjRvaUtlcm1IMzdrTUFDa2J5eHJSWWNCWm9xQm83WFNQR3RaNXFOMFc1MVVrZ2o5N1dIUXZZWjgzUXl6VDZITThjQkNRQ3Q1N2Z6dHJwN1JpLUJGcDhVOG40NzRXN09ucWdNeU1FZWowY2F0c3MwWnRlVS1abHZDZkZkQ0xYemtYTlYxUlh3YVR3aXRvemRR?oc=5\" target=\"_blank\" rel=\"nofollow noopener\">Em l\u00e1grimas! No\u00e9lia Pereira emocionada ao falar de Pedro Barroso: \u201cN\u00e3o quero o mal de ningu\u00e9m\u2026\u201d<\/a>&nbsp;&nbsp;Hiper Fm<\/li>\n<\/ol>\n","protected":false},"excerpt":{"rendered":"Tenso: No\u00e9lia e Pedro Barroso entram em confronto direto \u00abPossu\u00edda\u00bb&nbsp;&nbsp;TVI Player Pedro Barroso sobre No\u00e9lia Pereira: \u201cA imagem&hellip;\n","protected":false},"author":2,"featured_media":217164,"comment_status":"","ping_status":"","sticky":false,"template":"","format":"standard","meta":{"footnotes":""},"categories":[142],"tags":[114,115,34992,17787,32,33,151],"class_list":{"0":"post-217163","1":"post","2":"type-post","3":"status-publish","4":"format-standard","5":"has-post-thumbnail","7":"category-tv","8":"tag-entertainment","9":"tag-entretenimento","10":"tag-noelia","11":"tag-pedro-barroso","12":"tag-portugal","13":"tag-pt","14":"tag-tv"},"share_on_mastodon":{"url":"https:\/\/pubeurope.com\/@pt\/115847383140461014","error":""},"_links":{"self":[{"href":"https:\/\/www.europesays.com\/pt\/wp-json\/wp\/v2\/posts\/217163","targetHints":{"allow":["GET"]}}],"collection":[{"href":"https:\/\/www.europesays.com\/pt\/wp-json\/wp\/v2\/posts"}],"about":[{"href":"https:\/\/www.europesays.com\/pt\/wp-json\/wp\/v2\/types\/post"}],"author":[{"embeddable":true,"href":"https:\/\/www.europesays.com\/pt\/wp-json\/wp\/v2\/users\/2"}],"replies":[{"embeddable":true,"href":"https:\/\/www.europesays.com\/pt\/wp-json\/wp\/v2\/comments?post=217163"}],"version-history":[{"count":0,"href":"https:\/\/www.europesays.com\/pt\/wp-json\/wp\/v2\/posts\/217163\/revisions"}],"wp:featuredmedia":[{"embeddable":true,"href":"https:\/\/www.europesays.com\/pt\/wp-json\/wp\/v2\/media\/217164"}],"wp:attachment":[{"href":"https:\/\/www.europesays.com\/pt\/wp-json\/wp\/v2\/media?parent=217163"}],"wp:term":[{"taxonomy":"category","embeddable":true,"href":"https:\/\/www.europesays.com\/pt\/wp-json\/wp\/v2\/categories?post=217163"},{"taxonomy":"post_tag","embeddable":true,"href":"https:\/\/www.europesays.com\/pt\/wp-json\/wp\/v2\/tags?post=217163"}],"curies":[{"name":"wp","href":"https:\/\/api.w.org\/{rel}","templated":true}]}}