{"id":217179,"date":"2026-01-06T09:31:14","date_gmt":"2026-01-06T09:31:14","guid":{"rendered":"https:\/\/www.europesays.com\/pt\/217179\/"},"modified":"2026-01-06T09:31:14","modified_gmt":"2026-01-06T09:31:14","slug":"presidente-do-inter-admite-interesse-em-cancelo-e-deixa-aviso","status":"publish","type":"post","link":"https:\/\/www.europesays.com\/pt\/217179\/","title":{"rendered":"Presidente do Inter admite interesse em Cancelo e deixa aviso"},"content":{"rendered":"<p style=\"margin-bottom:11px\">O presidente do Inter de Mil\u00e3o, Giuseppe Marotta, confirmou que os \u00abnerazzurri\u00bb t\u00eam interesse no regresso de Jo\u00e3o Cancelo.<\/p>\n<p>\u00abN\u00e3o temos grandes necessidades e este mercado oferece poucas oportunidades. Mas, como temos problemas com a recupera\u00e7\u00e3o do Denzel Dumfries, queremos ver se o mercado pode trazer a oportunidade de ter um jogador que tenha essas caracter\u00edsticas. \u00c9 uma oportunidade que vamos explorar. Vamos ver o que acontece, estamos numa fase intermedi\u00e1ria\u00bb, disse Marotta aos microfones da DAZN, antes da <a href=\"https:\/\/maisfutebol.iol.pt\/internacional\/italia\/video-inter-vence-e-recupera-a-lideranca-da-liga-italiana\" target=\"_blank\" rel=\"nofollow noopener\"><strong>vit\u00f3ria sobre o Bolonha (3-0)<\/strong><\/a>.<\/p>\n<p>Apesar do interesse no internacional portugu\u00eas, o presidente do Inter deixou um aviso e ainda comentou a inten\u00e7\u00e3o do Al Hilal em contratar um defesa-central, nomeadamente Francesco Acerbi ou Stefan de Vrij.<\/p>\n<p>\u00abEle tem um contrato que nenhuma equipa italiana conseguiria suportar. A situa\u00e7\u00e3o \u00e9 muito particular. Se aceitarmos uma troca, eles querem um defesa-central. Quando entramos numa negocia\u00e7\u00e3o, avaliamos o que fazer. Tudo deve ser feito para consertar a lateral-direita que est\u00e1 a sofrer com a aus\u00eancia do Dumfries\u00bb, acrescentou.<\/p>\n<p>Cancelo ter\u00e1 entrado em rota de colis\u00e3o com Simone Inzaghi, antigo treinador, precisamente, do Inter. O lateral de 31 anos tem apenas seis jogos no Al Hilal esta \u00e9poca e dever\u00e1 ficar de fora dos inscritos na Liga saudita para a segunda metade da temporada.<\/p>\n<p>A imprensa internacional escreve que o Barcelona tamb\u00e9m est\u00e1 atento a esta situa\u00e7\u00e3o.<\/p>\n<p>Recorde-se que Cancelo passou pelo Inter em 2017\/18, na altura por empr\u00e9stimo do Val\u00eancia.<\/p>\n","protected":false},"excerpt":{"rendered":"O presidente do Inter de Mil\u00e3o, Giuseppe Marotta, confirmou que os \u00abnerazzurri\u00bb t\u00eam interesse no regresso de Jo\u00e3o&hellip;\n","protected":false},"author":2,"featured_media":165718,"comment_status":"","ping_status":"","sticky":false,"template":"","format":"standard","meta":{"footnotes":""},"categories":[87],"tags":[5406,135,3015,2251,21168,436,46,40,42,41,32,33,47,134,35],"class_list":{"0":"post-217179","1":"post","2":"type-post","3":"status-publish","4":"format-standard","5":"has-post-thumbnail","7":"category-desporto","8":"tag-al-hilal","9":"tag-desporto","10":"tag-inter","11":"tag-inter-de-milao","12":"tag-joao-cancelo","13":"tag-made-in","14":"tag-maisfutebol","15":"tag-maistransferencias","16":"tag-mercado","17":"tag-mercado-de-transferencias","18":"tag-portugal","19":"tag-pt","20":"tag-pura-paixao","21":"tag-sports","22":"tag-transferencias"},"share_on_mastodon":{"url":"https:\/\/pubeurope.com\/@pt\/115847461807066822","error":""},"_links":{"self":[{"href":"https:\/\/www.europesays.com\/pt\/wp-json\/wp\/v2\/posts\/217179","targetHints":{"allow":["GET"]}}],"collection":[{"href":"https:\/\/www.europesays.com\/pt\/wp-json\/wp\/v2\/posts"}],"about":[{"href":"https:\/\/www.europesays.com\/pt\/wp-json\/wp\/v2\/types\/post"}],"author":[{"embeddable":true,"href":"https:\/\/www.europesays.com\/pt\/wp-json\/wp\/v2\/users\/2"}],"replies":[{"embeddable":true,"href":"https:\/\/www.europesays.com\/pt\/wp-json\/wp\/v2\/comments?post=217179"}],"version-history":[{"count":0,"href":"https:\/\/www.europesays.com\/pt\/wp-json\/wp\/v2\/posts\/217179\/revisions"}],"wp:featuredmedia":[{"embeddable":true,"href":"https:\/\/www.europesays.com\/pt\/wp-json\/wp\/v2\/media\/165718"}],"wp:attachment":[{"href":"https:\/\/www.europesays.com\/pt\/wp-json\/wp\/v2\/media?parent=217179"}],"wp:term":[{"taxonomy":"category","embeddable":true,"href":"https:\/\/www.europesays.com\/pt\/wp-json\/wp\/v2\/categories?post=217179"},{"taxonomy":"post_tag","embeddable":true,"href":"https:\/\/www.europesays.com\/pt\/wp-json\/wp\/v2\/tags?post=217179"}],"curies":[{"name":"wp","href":"https:\/\/api.w.org\/{rel}","templated":true}]}}