{"id":217194,"date":"2026-01-06T09:50:20","date_gmt":"2026-01-06T09:50:20","guid":{"rendered":"https:\/\/www.europesays.com\/pt\/217194\/"},"modified":"2026-01-06T09:50:20","modified_gmt":"2026-01-06T09:50:20","slug":"ex-ministra-do-canada-nomeada-conselheira-economica-de-zelensky","status":"publish","type":"post","link":"https:\/\/www.europesays.com\/pt\/217194\/","title":{"rendered":"Ex-ministra do Canad\u00e1 nomeada conselheira econ\u00f3mica de Zelensky"},"content":{"rendered":"<p>A ex-ministra canadiana Chrystia Freeland, de origem ucraniana, renunciou hoje aos cargos no seu pa\u00eds ap\u00f3s ser nomeada conselheira do Presidente ucraniano, Volodymyr Zelensky.<\/p>\n<p class=\"text-paragraph\">Freeland\u00a0desempenhava\u00a0desde setembro as fun\u00e7\u00f5es de\u00a0representante\u00a0especial do Canad\u00e1 para a Reconstru\u00e7\u00e3o da Ucr\u00e2nia ap\u00f3s ter ocupado v\u00e1rios cargos ministeriais nos \u00faltimos anos.<\/p>\n<p class=\"text-paragraph\">\u201cA Ucr\u00e2nia est\u00e1 no centro da luta global pela democracia, e tenho o prazer de poder contribuir \u2018pro bono\u2019 como conselheira econ\u00f3mica do Presidente\u00a0Zelensky\u201d, escreveu\u00a0a ex-ministra canadiana\u00a0no X.<\/p>\n<p class=\"text-paragraph\">\u201cAo aceitar este cargo n\u00e3o remunerado, deixarei a minha posi\u00e7\u00e3o de\u00a0representante\u00a0especial do\u00a0primeiro-ministro Mark\u00a0Carney\u00a0para a Reconstru\u00e7\u00e3o da Ucr\u00e2nia. Nas pr\u00f3ximas semanas, renunciarei tamb\u00e9m ao meu lugar no Parlamento\u201d, acrescentou.<\/p>\n<p class=\"text-paragraph\">H\u00e1 um ano,\u00a0Freeland\u00a0disputou a sucess\u00e3o de Justin\u00a0Trudeau\u00a0na lideran\u00e7a do Partido Liberal, mas foi\u00a0derrotada por Mark\u00a0Carney\u00a0e,\u00a0ap\u00f3s as elei\u00e7\u00f5es federais ganhas por este,\u00a0aceitou integrar o seu governo.<\/p>\n<p class=\"text-paragraph\">O Presidente ucraniano anunciou a nomea\u00e7\u00e3o de\u00a0Freeland\u00a0salientando a sua\u00a0\u201cvasta experi\u00eancia e conhecimento em atrair investimento e implementar transforma\u00e7\u00f5es econ\u00f3micas\u201d.<\/p>\n<p class=\"text-paragraph\">\u201cNeste momento, a Ucr\u00e2nia precisa de refor\u00e7ar a sua resili\u00eancia interna, tanto para a recupera\u00e7\u00e3o do pa\u00eds, caso a diplomacia produza resultados o mais rapidamente poss\u00edvel, como para refor\u00e7ar a nossa defesa, caso, devido a atrasos por parte dos nossos parceiros, demore mais tempo a terminar esta guerra\u201d, acrescentou\u00a0Zelensky.<\/p>\n<p class=\"text-paragraph\">Ex-jornalista\u00a0de 57 anos e poliglota (fluente em ucraniano, ingl\u00eas, franc\u00eas, italiano e russo),\u00a0Freeland\u00a0desempenhou as fun\u00e7\u00f5es de\u00a0ministra do Com\u00e9rcio Internacional e dos Neg\u00f3cios Estrangeiros,\u00a0antes de se tornar\u00a0vice-primeira-ministra e ministra das Finan\u00e7as.<\/p>\n<p class=\"text-paragraph\">Durante o primeiro mandato de Donald\u00a0Trump como\u00a0Presidente dos Estados Unidos,\u00a0liderou as negocia\u00e7\u00f5es comerciais para a assinatura do Acordo Estados Unidos-M\u00e9xico-Canad\u00e1 (USMCA).<\/p>\n","protected":false},"excerpt":{"rendered":"A ex-ministra canadiana Chrystia Freeland, de origem ucraniana, renunciou hoje aos cargos no seu pa\u00eds ap\u00f3s ser nomeada&hellip;\n","protected":false},"author":2,"featured_media":217195,"comment_status":"","ping_status":"","sticky":false,"template":"","format":"standard","meta":{"footnotes":""},"categories":[50],"tags":[27,28,15,16,14,25,26,21,22,62,12,13,19,20,23,24,17,18,29,30,31,63,64,65],"class_list":{"0":"post-217194","1":"post","2":"type-post","3":"status-publish","4":"format-standard","5":"has-post-thumbnail","7":"category-mundo","8":"tag-breaking-news","9":"tag-breakingnews","10":"tag-featured-news","11":"tag-featurednews","12":"tag-headlines","13":"tag-latest-news","14":"tag-latestnews","15":"tag-main-news","16":"tag-mainnews","17":"tag-mundo","18":"tag-news","19":"tag-noticias","20":"tag-noticias-principais","21":"tag-noticiasprincipais","22":"tag-principais-noticias","23":"tag-principaisnoticias","24":"tag-top-stories","25":"tag-topstories","26":"tag-ultimas","27":"tag-ultimas-noticias","28":"tag-ultimasnoticias","29":"tag-world","30":"tag-world-news","31":"tag-worldnews"},"share_on_mastodon":{"url":"https:\/\/pubeurope.com\/@pt\/115847536575066707","error":""},"_links":{"self":[{"href":"https:\/\/www.europesays.com\/pt\/wp-json\/wp\/v2\/posts\/217194","targetHints":{"allow":["GET"]}}],"collection":[{"href":"https:\/\/www.europesays.com\/pt\/wp-json\/wp\/v2\/posts"}],"about":[{"href":"https:\/\/www.europesays.com\/pt\/wp-json\/wp\/v2\/types\/post"}],"author":[{"embeddable":true,"href":"https:\/\/www.europesays.com\/pt\/wp-json\/wp\/v2\/users\/2"}],"replies":[{"embeddable":true,"href":"https:\/\/www.europesays.com\/pt\/wp-json\/wp\/v2\/comments?post=217194"}],"version-history":[{"count":0,"href":"https:\/\/www.europesays.com\/pt\/wp-json\/wp\/v2\/posts\/217194\/revisions"}],"wp:featuredmedia":[{"embeddable":true,"href":"https:\/\/www.europesays.com\/pt\/wp-json\/wp\/v2\/media\/217195"}],"wp:attachment":[{"href":"https:\/\/www.europesays.com\/pt\/wp-json\/wp\/v2\/media?parent=217194"}],"wp:term":[{"taxonomy":"category","embeddable":true,"href":"https:\/\/www.europesays.com\/pt\/wp-json\/wp\/v2\/categories?post=217194"},{"taxonomy":"post_tag","embeddable":true,"href":"https:\/\/www.europesays.com\/pt\/wp-json\/wp\/v2\/tags?post=217194"}],"curies":[{"name":"wp","href":"https:\/\/api.w.org\/{rel}","templated":true}]}}