{"id":217200,"date":"2026-01-06T09:56:08","date_gmt":"2026-01-06T09:56:08","guid":{"rendered":"https:\/\/www.europesays.com\/pt\/217200\/"},"modified":"2026-01-06T09:56:08","modified_gmt":"2026-01-06T09:56:08","slug":"mas-noticias-em-amor-a-prova-o-nico-tem-leucemia-novelas","status":"publish","type":"post","link":"https:\/\/www.europesays.com\/pt\/217200\/","title":{"rendered":"M\u00e1s not\u00edcias em \u00abAmor \u00e0 Prova\u00bb: \u00abO Nico tem leucemia\u00bb &#8211; Novelas"},"content":{"rendered":"<p>Em \u00abAmor \u00e0 Prova\u00bb, continuam todos \u00e0 espera de not\u00edcias de Nico (Salvador Biernat). Am\u00e1lia (Ana Guiomar) acha melhor ir buscar umas roupas para o caso de Nico passar a noite no hospital. Tom\u00e1s (Jo\u00e3o Jesus) recusa-se a aceitar que isso possa acontecer. Sara (Joana de Verona) chama os pais de Nico e diz-lhes que j\u00e1 o podem ir ver. Eles trocam um olhar de al\u00edvio e abra\u00e7am o filho. Alice (Mafalda Marafusta) faz um esfor\u00e7o para controlar as l\u00e1grimas e mostra-se positiva. David (Diogo Amaral) (Jos\u00e9 Condessa) surge com o resultado dos exames e pede a Alice e Tom\u00e1s para falarem no seu gabinete, deixando-os inquietos.\u00a0 Alice e Tom\u00e1s pedem a David para lhes dizer de uma vez o que se passa. David confirma que Nico n\u00e3o sofreu les\u00f5es do acidente, mas que tem leucemia. O mundo de Alice e Tom\u00e1s desaba.<\/p>\n","protected":false},"excerpt":{"rendered":"Em \u00abAmor \u00e0 Prova\u00bb, continuam todos \u00e0 espera de not\u00edcias de Nico (Salvador Biernat). Am\u00e1lia (Ana Guiomar) acha&hellip;\n","protected":false},"author":2,"featured_media":217201,"comment_status":"","ping_status":"","sticky":false,"template":"","format":"standard","meta":{"footnotes":""},"categories":[142],"tags":[17049,160,166,114,115,157,167,164,161,158,165,159,32,33,156,163,151,162],"class_list":{"0":"post-217200","1":"post","2":"type-post","3":"status-publish","4":"format-standard","5":"has-post-thumbnail","7":"category-tv","8":"tag-amor-a-prova","9":"tag-ana-guiomar","10":"tag-cristina-ferreira","11":"tag-entertainment","12":"tag-entretenimento","13":"tag-festa-e-festa","14":"tag-ficcao","15":"tag-jose-fidalgo","16":"tag-novelas","17":"tag-para-sempre","18":"tag-pedro-sousa","19":"tag-pedro-teixeira","20":"tag-portugal","21":"tag-pt","22":"tag-queridos-papas","23":"tag-tiago-teotonio-pereira","24":"tag-tv","25":"tag-tvi"},"share_on_mastodon":{"url":"https:\/\/pubeurope.com\/@pt\/115847560046855936","error":""},"_links":{"self":[{"href":"https:\/\/www.europesays.com\/pt\/wp-json\/wp\/v2\/posts\/217200","targetHints":{"allow":["GET"]}}],"collection":[{"href":"https:\/\/www.europesays.com\/pt\/wp-json\/wp\/v2\/posts"}],"about":[{"href":"https:\/\/www.europesays.com\/pt\/wp-json\/wp\/v2\/types\/post"}],"author":[{"embeddable":true,"href":"https:\/\/www.europesays.com\/pt\/wp-json\/wp\/v2\/users\/2"}],"replies":[{"embeddable":true,"href":"https:\/\/www.europesays.com\/pt\/wp-json\/wp\/v2\/comments?post=217200"}],"version-history":[{"count":0,"href":"https:\/\/www.europesays.com\/pt\/wp-json\/wp\/v2\/posts\/217200\/revisions"}],"wp:featuredmedia":[{"embeddable":true,"href":"https:\/\/www.europesays.com\/pt\/wp-json\/wp\/v2\/media\/217201"}],"wp:attachment":[{"href":"https:\/\/www.europesays.com\/pt\/wp-json\/wp\/v2\/media?parent=217200"}],"wp:term":[{"taxonomy":"category","embeddable":true,"href":"https:\/\/www.europesays.com\/pt\/wp-json\/wp\/v2\/categories?post=217200"},{"taxonomy":"post_tag","embeddable":true,"href":"https:\/\/www.europesays.com\/pt\/wp-json\/wp\/v2\/tags?post=217200"}],"curies":[{"name":"wp","href":"https:\/\/api.w.org\/{rel}","templated":true}]}}