{"id":21721,"date":"2025-08-08T22:24:14","date_gmt":"2025-08-08T22:24:14","guid":{"rendered":"https:\/\/www.europesays.com\/pt\/21721\/"},"modified":"2025-08-08T22:24:14","modified_gmt":"2025-08-08T22:24:14","slug":"ossos-encontrados-em-espanha-mostram-sinais-de-canibalismo-antigo-que-dizimou-familia-de-11-pessoas","status":"publish","type":"post","link":"https:\/\/www.europesays.com\/pt\/21721\/","title":{"rendered":"Ossos encontrados em Espanha mostram sinais de canibalismo antigo que dizimou fam\u00edlia de 11 pessoas"},"content":{"rendered":"<p class=\"wp-caption-text top\"><a href=\"https:\/\/www.nature.com\/articles\/s41598-025-10266-w\" rel=\"nofollow external noopener noreferrer\" data-wpel-link=\"external\" target=\"_blank\" class=\"ext-link\">IPHES-CERCA<\/a><\/p>\n<p><img decoding=\"async\" loading=\"lazy\" class=\"size-kopa-image-size-3 wp-image-693705\" src=\"https:\/\/www.europesays.com\/pt\/wp-content\/uploads\/2025\/08\/3696441120a402f793a704766540e69e-783x450.jpg\" alt=\"\" width=\"700\" height=\"402\"  \/><\/p>\n<p class=\"wp-caption-text bot\">Os investigadores encontraram sinais de canibaliza\u00e7\u00e3o em ossos humanos, incluindo o f\u00e9mur deste beb\u00e9, que tem marcas de percuss\u00e3o para extra\u00e7\u00e3o de medula<\/p>\n<p><strong>Centenas de peda\u00e7os de ossos datados de h\u00e1 5700 anos t\u00eam ind\u00edcios de terem sido processados e comidos por outros humanos, refor\u00e7ando a ideia de que o canibalismo era comum no per\u00edodo Neol\u00edtico.<\/strong><\/p>\n<p>Um estudo <a href=\"https:\/\/www.nature.com\/articles\/s41598-025-10266-w\" data-wpel-link=\"external\" target=\"_blank\" rel=\"nofollow external noopener noreferrer\" class=\"ext-link\">publicado<\/a> esta quinta-feira na Scientific Reports revelou os detalhes restos humanos esquartejados numa caverna no norte de Espanha.<\/p>\n<p>Todos os ossos tinham sinais de que estes indiv\u00edduos tinham sido <strong>comidos por outros humanos<\/strong>.<\/p>\n<p>Alguns tinham marcas de corte, indicando que a pele das pessoas tinha sido cortada com ferramentas de pedra, enquanto outros eram transl\u00facidos com bordos ligeiramente arredondados, sugerindo que tinham sido cozidos.<\/p>\n<p>Como detalha a <a href=\"https:\/\/www.newscientist.com\/article\/2491651-human-bones-found-in-spanish-cave-show-signs-of-ancient-cannibalism\/\" data-wpel-link=\"external\" target=\"_blank\" rel=\"nofollow external noopener noreferrer\" class=\"ext-link\">New Scientist<\/a>, alguns dos ossos mais compridos tinham sido partidos com pedras, provavelmente para extrair e comer a medula, enquanto os mais pequenos, como os metatarsos e as costelas, apresentavam marcas de dentes humanos.<\/p>\n<p><strong>O estudo acrescenta provas de que o canibalismo era mais comum<\/strong> do que se pensava ao longo da hist\u00f3ria da humanidade.<\/p>\n<p><strong>El Mirador<\/strong> \u2013 onde ocorreram as escava\u00e7\u00f5es \u2013 \u00e9, pelo menos, o quinto s\u00edtio com fortes ind\u00edcios de canibalismo em Espanha no per\u00edodo Neol\u00edtico, quando as pessoas passaram da procura de alimentos para a agricultura.<\/p>\n<p>A raz\u00e3o pela qual os humanos se comiam tanto \u00e9 menos certa. Em alguns s\u00edtios, as\u00a0provas, incluindo ta\u00e7as de cr\u00e2nio, sugerem que o canibalismo pode ter tido um <strong>objetivo cerimonial<\/strong>. Noutros, parece ter sido um meio de <strong>sobreviv\u00eancia<\/strong> durante per\u00edodos de fome extrema.<\/p>\n<p>Mas o novo estudo aponta mesmo para a <strong>guerra<\/strong>.<\/p>\n<p>A abund\u00e2ncia de restos de animais e a aus\u00eancia de sinais de stress nutricional nos humanos indicam que esta comunidade agr\u00edcola primitiva n\u00e3o enfrentou a fome, dizem os investigadores. Al\u00e9m disso, n\u00e3o encontraram sinais de ritual, com os restos humanos misturados com ossos de animais.<\/p>\n<p>Fam\u00edlia de 11 pessoas dizimada<\/p>\n<p>A idade dos indiv\u00edduos variava entre menos de 7 e mais de 50 anos, sugerindo que uma f<strong>am\u00edlia inteira tinha sido dizimada num conflito<\/strong>.<\/p>\n<p>A data\u00e7\u00e3o por radiocarbono revelou que as <strong>11 pessoas foram mortas e comidas<\/strong> numa quest\u00e3o de dias.<\/p>\n<p>Este per\u00edodo parece ter sido cada vez mais marcado pela instabilidade e pela viol\u00eancia, uma vez que as comunidades entraram em <strong>conflito com os vizinhos e\/ou com os colonos rec\u00e9m-chegados por causa do territ\u00f3rio<\/strong>.<\/p>\n<p>Estudos etnogr\u00e1ficos de humanos que se comiam uns aos outros em guerras ao longo da hist\u00f3ria sugerem que o canibalismo era uma forma de <strong>\u201celimina\u00e7\u00e3o final\u201d<\/strong>.<\/p>\n<p>\u201cAchamos que o facto de um grupo matar o outro grupo e depois consumi-lo \u00e9 uma <strong>forma de o humilhar<\/strong>\u201d, disse, \u00e0 New Scientist, o l\u00edder da investiga\u00e7\u00e3o, Francesc Marginedas, do Instituto Catal\u00e3o de Paleoecologia Humana e Evolu\u00e7\u00e3o Social (IPHES), em Tarragona, Espanha.<\/p>\n<p>As pr\u00e1ticas de canibalismo s\u00e3o muito mais antigas do que se julga. Uma descoberta recente \u2013 que tamb\u00e9m foi levada a cabo em Espanha \u2013 chocou a ci\u00eancia ao revelar que <a href=\"https:\/\/zap.aeiou.pt\/ha-800-mil-anos-os-humanos-arcaicos-comiam-criancas-692335\" data-wpel-link=\"internal\" rel=\"nofollow noopener\" target=\"_blank\">h\u00e1 800 mil anos os humanos arcaicos comiam as suas crian\u00e7as<\/a>.<\/p>\n<p>    <a href=\"https:\/\/zap.aeiou.pt\/subscrever-newsletter\" data-wpel-link=\"internal\" rel=\"nofollow noopener\" target=\"_blank\">&#13;<br \/>\n        <img loading=\"lazy\" decoding=\"async\" class=\"aligncenter size-full wp-image-575475\" src=\"https:\/\/www.europesays.com\/pt\/wp-content\/uploads\/2025\/08\/1754655132_743_2d51fe4a0ba54894421ead1809309ed9-1-450x140.jpg\" alt=\"Subscreva a Newsletter ZAP\" width=\"450\" height=\"140\"\/>&#13;<br \/>\n    <\/a><\/p>\n<p>                <a href=\"https:\/\/whatsapp.com\/channel\/0029VaIC4EE2f3EJZPPSbR34\" data-wpel-link=\"external\" target=\"_blank\" rel=\"nofollow external noopener noreferrer\" class=\"ext-link\">&#13;<br \/>\n                    <img loading=\"lazy\" decoding=\"async\" class=\"aligncenter size-full wp-image-575475\" src=\"https:\/\/www.europesays.com\/pt\/wp-content\/uploads\/2025\/08\/c68c559d956d4ca20f435ed74a6e71e6.png\" alt=\"Siga-nos no WhatsApp\" width=\"175\" height=\"64\"\/>&#13;<br \/>\n                <\/a><\/p>\n<p>                <a href=\"https:\/\/news.google.com\/publications\/CAAiEHRwZondIV71PDjWNoqMduEqFAgKIhB0cGaJ3SFe9Tw41jaKjHbh?hl=en-US&amp;gl=US&amp;ceid=US%3Aen\" data-wpel-link=\"external\" target=\"_blank\" rel=\"nofollow external noopener noreferrer\" class=\"ext-link\">&#13;<br \/>\n                    <img loading=\"lazy\" decoding=\"async\" class=\"aligncenter size-full wp-image-575475\" src=\"https:\/\/www.europesays.com\/pt\/wp-content\/uploads\/2025\/08\/5123dd8b087b644fdb8f8603acd1bad4.png\" alt=\"Siga-nos no Google News\" width=\"176\" height=\"64\"\/>&#13;<br \/>\n                <\/a><\/p>\n","protected":false},"excerpt":{"rendered":"IPHES-CERCA Os investigadores encontraram sinais de canibaliza\u00e7\u00e3o em ossos humanos, incluindo o f\u00e9mur deste beb\u00e9, que tem marcas&hellip;\n","protected":false},"author":2,"featured_media":21722,"comment_status":"","ping_status":"","sticky":false,"template":"","format":"standard","meta":{"footnotes":""},"categories":[50],"tags":[3504,27,28,640,15,16,14,25,26,21,22,62,12,13,19,20,23,24,17,18,29,30,31,63,64,65],"class_list":{"0":"post-21721","1":"post","2":"type-post","3":"status-publish","4":"format-standard","5":"has-post-thumbnail","7":"category-mundo","8":"tag-arqueologia","9":"tag-breaking-news","10":"tag-breakingnews","11":"tag-espanha","12":"tag-featured-news","13":"tag-featurednews","14":"tag-headlines","15":"tag-latest-news","16":"tag-latestnews","17":"tag-main-news","18":"tag-mainnews","19":"tag-mundo","20":"tag-news","21":"tag-noticias","22":"tag-noticias-principais","23":"tag-noticiasprincipais","24":"tag-principais-noticias","25":"tag-principaisnoticias","26":"tag-top-stories","27":"tag-topstories","28":"tag-ultimas","29":"tag-ultimas-noticias","30":"tag-ultimasnoticias","31":"tag-world","32":"tag-world-news","33":"tag-worldnews"},"share_on_mastodon":{"url":"","error":""},"_links":{"self":[{"href":"https:\/\/www.europesays.com\/pt\/wp-json\/wp\/v2\/posts\/21721","targetHints":{"allow":["GET"]}}],"collection":[{"href":"https:\/\/www.europesays.com\/pt\/wp-json\/wp\/v2\/posts"}],"about":[{"href":"https:\/\/www.europesays.com\/pt\/wp-json\/wp\/v2\/types\/post"}],"author":[{"embeddable":true,"href":"https:\/\/www.europesays.com\/pt\/wp-json\/wp\/v2\/users\/2"}],"replies":[{"embeddable":true,"href":"https:\/\/www.europesays.com\/pt\/wp-json\/wp\/v2\/comments?post=21721"}],"version-history":[{"count":0,"href":"https:\/\/www.europesays.com\/pt\/wp-json\/wp\/v2\/posts\/21721\/revisions"}],"wp:featuredmedia":[{"embeddable":true,"href":"https:\/\/www.europesays.com\/pt\/wp-json\/wp\/v2\/media\/21722"}],"wp:attachment":[{"href":"https:\/\/www.europesays.com\/pt\/wp-json\/wp\/v2\/media?parent=21721"}],"wp:term":[{"taxonomy":"category","embeddable":true,"href":"https:\/\/www.europesays.com\/pt\/wp-json\/wp\/v2\/categories?post=21721"},{"taxonomy":"post_tag","embeddable":true,"href":"https:\/\/www.europesays.com\/pt\/wp-json\/wp\/v2\/tags?post=21721"}],"curies":[{"name":"wp","href":"https:\/\/api.w.org\/{rel}","templated":true}]}}