{"id":217214,"date":"2026-01-06T10:07:16","date_gmt":"2026-01-06T10:07:16","guid":{"rendered":"https:\/\/www.europesays.com\/pt\/217214\/"},"modified":"2026-01-06T10:07:16","modified_gmt":"2026-01-06T10:07:16","slug":"fatima-bernardes-denuncia-fake-news-de-casamento-05-01-2026-celebridades","status":"publish","type":"post","link":"https:\/\/www.europesays.com\/pt\/217214\/","title":{"rendered":"F\u00e1tima Bernardes denuncia fake news de casamento &#8211; 05\/01\/2026 &#8211; Celebridades"},"content":{"rendered":"<p>\n<strong class=\"c-signature__location\">Rio de Janeiro<\/strong>\n<\/p>\n<p><a href=\"https:\/\/www1.folha.uol.com.br\/folha-topicos\/fatima-bernardes\/\" rel=\"nofollow noopener\" target=\"\">F\u00e1tima Bernardes<\/a>, 63, recorreu \u00e0s redes sociais para desmentir uma fake news criada por intelig\u00eancia artificial que a colocava em um suposto casamento com o namorado, o deputado federal <a href=\"https:\/\/www1.folha.uol.com.br\/colunas\/monicabergamo\/2024\/09\/deputado-tulio-gadelha-pede-escolta-armada-e-aciona-a-policia-legislativa-apos-ameacas.shtml\" rel=\"nofollow noopener\" target=\"\">T\u00falio Gad\u00ealha<\/a> (Rede Sustentabilidade), 37. A imagem falsa, que circulou na internet, mostrava o casal em uma cerim\u00f4nia civil, sugerindo que a uni\u00e3o havia sido oficializada.<\/p>\n","protected":false},"excerpt":{"rendered":"Rio de Janeiro F\u00e1tima Bernardes, 63, recorreu \u00e0s redes sociais para desmentir uma fake news criada por intelig\u00eancia&hellip;\n","protected":false},"author":2,"featured_media":217215,"comment_status":"","ping_status":"","sticky":false,"template":"","format":"standard","meta":{"footnotes":""},"categories":[145],"tags":[219,211,210,223,114,115,224,225,16181,226,221,220,222,2718,32,33,42284,218,228,227],"class_list":{"0":"post-217214","1":"post","2":"type-post","3":"status-publish","4":"format-standard","5":"has-post-thumbnail","7":"category-celebridades","8":"tag-bichos","9":"tag-celebridades","10":"tag-celebrities","11":"tag-colunistas","12":"tag-entertainment","13":"tag-entretenimento","14":"tag-estranho","15":"tag-eu-amo","16":"tag-ftima-bernardes","17":"tag-fofices","18":"tag-horoscopo","19":"tag-humanos","20":"tag-humor","21":"tag-jornalista","22":"tag-portugal","23":"tag-pt","24":"tag-tlio-gadlha","25":"tag-televisao","26":"tag-tudo","27":"tag-videos"},"share_on_mastodon":{"url":"https:\/\/pubeurope.com\/@pt\/115847603337668523","error":""},"_links":{"self":[{"href":"https:\/\/www.europesays.com\/pt\/wp-json\/wp\/v2\/posts\/217214","targetHints":{"allow":["GET"]}}],"collection":[{"href":"https:\/\/www.europesays.com\/pt\/wp-json\/wp\/v2\/posts"}],"about":[{"href":"https:\/\/www.europesays.com\/pt\/wp-json\/wp\/v2\/types\/post"}],"author":[{"embeddable":true,"href":"https:\/\/www.europesays.com\/pt\/wp-json\/wp\/v2\/users\/2"}],"replies":[{"embeddable":true,"href":"https:\/\/www.europesays.com\/pt\/wp-json\/wp\/v2\/comments?post=217214"}],"version-history":[{"count":0,"href":"https:\/\/www.europesays.com\/pt\/wp-json\/wp\/v2\/posts\/217214\/revisions"}],"wp:featuredmedia":[{"embeddable":true,"href":"https:\/\/www.europesays.com\/pt\/wp-json\/wp\/v2\/media\/217215"}],"wp:attachment":[{"href":"https:\/\/www.europesays.com\/pt\/wp-json\/wp\/v2\/media?parent=217214"}],"wp:term":[{"taxonomy":"category","embeddable":true,"href":"https:\/\/www.europesays.com\/pt\/wp-json\/wp\/v2\/categories?post=217214"},{"taxonomy":"post_tag","embeddable":true,"href":"https:\/\/www.europesays.com\/pt\/wp-json\/wp\/v2\/tags?post=217214"}],"curies":[{"name":"wp","href":"https:\/\/api.w.org\/{rel}","templated":true}]}}