{"id":217216,"date":"2026-01-06T10:10:17","date_gmt":"2026-01-06T10:10:17","guid":{"rendered":"https:\/\/www.europesays.com\/pt\/217216\/"},"modified":"2026-01-06T10:10:17","modified_gmt":"2026-01-06T10:10:17","slug":"em-processo-de-recuperacao-sara-barradas-vive-luta-e-deixa-desabafo-novelas","status":"publish","type":"post","link":"https:\/\/www.europesays.com\/pt\/217216\/","title":{"rendered":"\u00abEm processo de recupera\u00e7\u00e3o\u00bb: Sara Barradas vive &#8216;luta&#8217; e deixa desabafo &#8211; Novelas"},"content":{"rendered":"<p data-end=\"508\" data-start=\"226\">A atriz <a href=\"https:\/\/tvi.iol.pt\/novelas\/geral\/09-12-2025\/passeio-natalicio-com-animais-sara-barradas-revela-segredo-para-diversao-em-familia\" rel=\"nofollow noopener\" target=\"_blank\"><strong data-end=\"251\" data-start=\"234\">Sara Barradas<\/strong><\/a>, companheira do ator <a href=\"https:\/\/tvi.iol.pt\/novelas\/geral\/09-12-2025\/passeio-natalicio-com-animais-sara-barradas-revela-segredo-para-diversao-em-familia\" rel=\"nofollow noopener\" target=\"_blank\"><strong data-end=\"288\" data-start=\"273\">Jos\u00e9 Raposo<\/strong><\/a>, partilhou recentemente no seu Instagram como consegue manter os seus <strong data-end=\"394\" data-start=\"359\">carac\u00f3is hidratados e definidos<\/strong>, mesmo enfrentando as exig\u00eancias da sua profiss\u00e3o, que implica mudan\u00e7as frequentes de penteado e cor de cabelo.<\/p>\n<p data-end=\"681\" data-start=\"510\">Depois do banho, Sara mostrou aos seguidores os produtos que utiliza e explicou as <strong data-end=\"613\" data-start=\"593\">t\u00e9cnicas simples<\/strong> que a ajudam a ter um cabelo saud\u00e1vel e bonito.<\/p>\n<p data-end=\"681\" data-start=\"510\">A atriz escreveu: <strong>\u00abEsta \u00e9 daquelas coisas que v\u00e1rias mulheres me perguntam: o que fa\u00e7o ao cabelo? Como o arranjo? Que produtos uso? \u00c9 simples.<\/strong> S\u00f3 uso 1 produto (para ajudar a definir), mais umas gotinhas para as pontas no final. Claro que ao longo dos anos j\u00e1 usei produtos diferentes, e os meus carac\u00f3is tamb\u00e9m j\u00e1 foram muito diferentes. <strong>Mas devido \u00e0 minha profiss\u00e3o me fazer mudar v\u00e1rias vezes de penteado, os carac\u00f3is j\u00e1 sofreram entre desfrizagens e tintas<\/strong>. Actualmente, encontro-me em processo de recupera\u00e7\u00e3o, again! Depois de 1 ano a esticar o cabelo todos os dias para a novela e para o teatro, agora tento usar o menos poss\u00edvel e mais natural tamb\u00e9m. E \u00e9 assim que fica. Longe da defini\u00e7\u00e3o de antigamente mas, ainda assim, \u00e9 como gosto mais!\u00bb<\/p>\n<p data-end=\"1523\" data-start=\"1425\">Nos coment\u00e1rios, os f\u00e3s n\u00e3o hesitaram em reagir e aplaudir a sinceridade e os conselhos de Sara:<strong> \u00abBoa sorte Sara. \u00c9 sempre dif\u00edcil recome\u00e7ar, mas o que interessa \u00e9 ser persistente! Com os cuidados certos, chegar\u00e1s l\u00e1.\u00bb; \u00abOnde \u00e9 que tens comprado as gotas da Mythic Oil? @sarabarradasofficial As minhas acabaram e n\u00e3o encontro em lado nenhum.\u00bb; \u00abProduto que est\u00e1 a aplicar \u00e9 a m\u00e1scara? Usa como creme de pentear e n\u00e3o retira? Obrigada!\u00bb<\/strong><\/p>\n<p data-end=\"2123\" data-start=\"1875\">A partilha de Sara Barradas evidencia n\u00e3o s\u00f3 a sua <strong data-end=\"1958\" data-start=\"1926\">dedica\u00e7\u00e3o ao cuidado capilar<\/strong>, mas tamb\u00e9m como, apesar das exig\u00eancias da carreira, \u00e9 poss\u00edvel <strong data-end=\"2070\" data-start=\"2023\">manter um cabelo natural, saud\u00e1vel e bonito<\/strong>, mesmo que longe da defini\u00e7\u00e3o perfeita do passado.<\/p>\n<p data-end=\"2123\" data-start=\"1875\">Reveja aqui uma das \u00faltimas entrevistas da atriz no programa Dois \u00e0s 10:\u00a0<\/p>\n","protected":false},"excerpt":{"rendered":"A atriz Sara Barradas, companheira do ator Jos\u00e9 Raposo, partilhou recentemente no seu Instagram como consegue manter os&hellip;\n","protected":false},"author":2,"featured_media":217217,"comment_status":"","ping_status":"","sticky":false,"template":"","format":"standard","meta":{"footnotes":""},"categories":[142],"tags":[160,166,114,115,157,167,164,10266,161,158,165,159,32,33,156,2907,163,151,162],"class_list":{"0":"post-217216","1":"post","2":"type-post","3":"status-publish","4":"format-standard","5":"has-post-thumbnail","7":"category-tv","8":"tag-ana-guiomar","9":"tag-cristina-ferreira","10":"tag-entertainment","11":"tag-entretenimento","12":"tag-festa-e-festa","13":"tag-ficcao","14":"tag-jose-fidalgo","15":"tag-jose-raposo","16":"tag-novelas","17":"tag-para-sempre","18":"tag-pedro-sousa","19":"tag-pedro-teixeira","20":"tag-portugal","21":"tag-pt","22":"tag-queridos-papas","23":"tag-sara-barradas","24":"tag-tiago-teotonio-pereira","25":"tag-tv","26":"tag-tvi"},"share_on_mastodon":{"url":"https:\/\/pubeurope.com\/@pt\/115847615096587585","error":""},"_links":{"self":[{"href":"https:\/\/www.europesays.com\/pt\/wp-json\/wp\/v2\/posts\/217216","targetHints":{"allow":["GET"]}}],"collection":[{"href":"https:\/\/www.europesays.com\/pt\/wp-json\/wp\/v2\/posts"}],"about":[{"href":"https:\/\/www.europesays.com\/pt\/wp-json\/wp\/v2\/types\/post"}],"author":[{"embeddable":true,"href":"https:\/\/www.europesays.com\/pt\/wp-json\/wp\/v2\/users\/2"}],"replies":[{"embeddable":true,"href":"https:\/\/www.europesays.com\/pt\/wp-json\/wp\/v2\/comments?post=217216"}],"version-history":[{"count":0,"href":"https:\/\/www.europesays.com\/pt\/wp-json\/wp\/v2\/posts\/217216\/revisions"}],"wp:featuredmedia":[{"embeddable":true,"href":"https:\/\/www.europesays.com\/pt\/wp-json\/wp\/v2\/media\/217217"}],"wp:attachment":[{"href":"https:\/\/www.europesays.com\/pt\/wp-json\/wp\/v2\/media?parent=217216"}],"wp:term":[{"taxonomy":"category","embeddable":true,"href":"https:\/\/www.europesays.com\/pt\/wp-json\/wp\/v2\/categories?post=217216"},{"taxonomy":"post_tag","embeddable":true,"href":"https:\/\/www.europesays.com\/pt\/wp-json\/wp\/v2\/tags?post=217216"}],"curies":[{"name":"wp","href":"https:\/\/api.w.org\/{rel}","templated":true}]}}