{"id":217242,"date":"2026-01-06T10:33:12","date_gmt":"2026-01-06T10:33:12","guid":{"rendered":"https:\/\/www.europesays.com\/pt\/217242\/"},"modified":"2026-01-06T10:33:12","modified_gmt":"2026-01-06T10:33:12","slug":"passaporte-de-eliza-samudio-e-encontrado-em-portugal-e-levanta-teorias-na-internet","status":"publish","type":"post","link":"https:\/\/www.europesays.com\/pt\/217242\/","title":{"rendered":"Passaporte de Eliza Samudio \u00e9 encontrado em Portugal e levanta teorias na internet"},"content":{"rendered":"<p>Um passaporte antigo de Eliza Samudio foi encontrado em um apartamento alugado em <a href=\"https:\/\/www.tupi.fm\/tag\/portugal\/\" target=\"_blank\" rel=\"noreferrer noopener nofollow\">Portugal<\/a> e entregue ao Consulado-Geral do Brasil em Lisboa. A descoberta ocorreu no fim de 2025 e foi revelada nesta segunda-feira (5\/1) pelo portal LeoDias. Fontes oficiais confirmaram que o documento \u00e9 verdadeiro e n\u00e3o possui segunda via.<\/p>\n<p>O passaporte estava entre livros em uma estante de uma \u00e1rea comum do im\u00f3vel. O apartamento \u00e9 dividido por diferentes moradores, que alugam quartos no mesmo local.<\/p>\n<p>Quem encontrou o documento e onde ele estava?<\/p>\n<p>O achado foi feito por um homem que pediu para n\u00e3o ser identificado e foi chamado de Jos\u00e9. Ele mora no apartamento com a esposa, a filha e outras duas pessoas que n\u00e3o s\u00e3o de sua fam\u00edlia.<\/p>\n<p>Ap\u00f3s retornar de um per\u00edodo de trabalho fora, Jos\u00e9 se aproximou de um livro na sala compartilhada e encontrou o passaporte. Segundo ele, o documento estava vis\u00edvel, apoiado sobre um livro na estante.<\/p>\n<p>\u201cQuando encontrei o documento e vi de quem era, por se tratar de uma pessoa que foi um caso que teve grande repercuss\u00e3o no Brasil e no mundo inteiro, fiquei em choque; pela foto eu j\u00e1 sabia de quem era, quem era a dona. (\u2026) L\u00e1 estava, em cima de um livro, vis\u00edvel, esse documento\u201d, relatou.<\/p>\n<p><img loading=\"lazy\" decoding=\"async\" width=\"1024\" height=\"576\" src=\"data:image\/svg+xml,%3Csvg%20xmlns=\" http:=\"\" alt=\"\" class=\"wp-image-1939941\" data-lazy- data-lazy- data-lazy-src=\"https:\/\/www.europesays.com\/pt\/wp-content\/uploads\/2026\/01\/eliza-samudio-1024x576.jpg\"\/>Eliza Samudio. Foto: Reprodu\u00e7\u00e3o \/ Netflix<\/p>\n<p>Qual \u00e9 a situa\u00e7\u00e3o do passaporte encontrado?<\/p>\n<p>O passaporte possui apenas um carimbo de entrada, datado de 5 de maio de 2007. N\u00e3o h\u00e1 registro de sa\u00edda no documento.<\/p>\n<p>De acordo com o portal LeoDias, todas as p\u00e1ginas est\u00e3o intactas e em bom estado de conserva\u00e7\u00e3o. N\u00e3o h\u00e1 informa\u00e7\u00f5es sobre h\u00e1 quanto tempo o passaporte estava no local.<\/p>\n<p>O que foi feito ap\u00f3s a descoberta?<\/p>\n<p>A equipe do portal acompanhou Jos\u00e9 at\u00e9 Lisboa, onde o documento foi entregue ao Consulado-Geral do Brasil. O objetivo foi permitir que as autoridades adotem as provid\u00eancias cab\u00edveis.<\/p>\n<p>O consulado confirmou o recebimento do passaporte e informou que comunicou oficialmente o Itamaraty, em Bras\u00edlia.<\/p>\n<p>O que dizem as autoridades brasileiras?<\/p>\n<p>Em nota, o Consulado-Geral do Brasil em Lisboa afirmou:<\/p>\n<p>\u201cO Consulado-Geral do Brasil em Lisboa j\u00e1 fez uma comunica\u00e7\u00e3o oficial ao Itamaraty em Bras\u00edlia informando que o passaporte foi encontrado e entregue ao consulado. Neste momento estamos aguardando instru\u00e7\u00f5es sobre quais s\u00e3o os pr\u00f3ximos passos com rela\u00e7\u00e3o ao documento. De nossa parte, como n\u00e3o se trata de mat\u00e9ria de compet\u00eancia do Consulado, n\u00e3o sei lhe informar sobre o que vai ocorrer a partir de agora. O consulado vai apenas receber instru\u00e7\u00f5es de Bras\u00edlia e cumprir o que for determinado. Aproveito para tamb\u00e9m esclarecer que o consulado e a embaixada s\u00e3o dois postos independentes aqui em Lisboa, o consulado n\u00e3o \u00e9 parte da embaixada\u201d.<\/p>\n<p>Houve contato com a fam\u00edlia de Eliza Samudio?<\/p>\n<p>O portal LeoDias informou que tentou contato com Sonia Moura, m\u00e3e de Eliza Samudio, para comunicar a descoberta e solicitar uma declara\u00e7\u00e3o. At\u00e9 o momento, n\u00e3o houve retorno.<\/p>\n<p>O espa\u00e7o segue aberto para futuras manifesta\u00e7\u00f5es.<\/p>\n","protected":false},"excerpt":{"rendered":"Um passaporte antigo de Eliza Samudio foi encontrado em um apartamento alugado em Portugal e entregue ao Consulado-Geral&hellip;\n","protected":false},"author":2,"featured_media":217243,"comment_status":"","ping_status":"","sticky":false,"template":"","format":"standard","meta":{"footnotes":""},"categories":[10],"tags":[27,28,42292,8389,15,16,14,549,25,26,42294,21,22,12,13,19,20,17505,32,23,24,33,42293,29945,17,18,29,30,31],"class_list":{"0":"post-217242","1":"post","2":"type-post","3":"status-publish","4":"format-standard","5":"has-post-thumbnail","7":"category-portugal","8":"tag-breaking-news","9":"tag-breakingnews","10":"tag-eliza","11":"tag-encontrado","12":"tag-featured-news","13":"tag-featurednews","14":"tag-headlines","15":"tag-internet","16":"tag-latest-news","17":"tag-latestnews","18":"tag-levanta","19":"tag-main-news","20":"tag-mainnews","21":"tag-news","22":"tag-noticias","23":"tag-noticias-principais","24":"tag-noticiasprincipais","25":"tag-passaporte","26":"tag-portugal","27":"tag-principais-noticias","28":"tag-principaisnoticias","29":"tag-pt","30":"tag-samudio","31":"tag-teorias","32":"tag-top-stories","33":"tag-topstories","34":"tag-ultimas","35":"tag-ultimas-noticias","36":"tag-ultimasnoticias"},"share_on_mastodon":{"url":"https:\/\/pubeurope.com\/@pt\/115847705591553703","error":""},"_links":{"self":[{"href":"https:\/\/www.europesays.com\/pt\/wp-json\/wp\/v2\/posts\/217242","targetHints":{"allow":["GET"]}}],"collection":[{"href":"https:\/\/www.europesays.com\/pt\/wp-json\/wp\/v2\/posts"}],"about":[{"href":"https:\/\/www.europesays.com\/pt\/wp-json\/wp\/v2\/types\/post"}],"author":[{"embeddable":true,"href":"https:\/\/www.europesays.com\/pt\/wp-json\/wp\/v2\/users\/2"}],"replies":[{"embeddable":true,"href":"https:\/\/www.europesays.com\/pt\/wp-json\/wp\/v2\/comments?post=217242"}],"version-history":[{"count":0,"href":"https:\/\/www.europesays.com\/pt\/wp-json\/wp\/v2\/posts\/217242\/revisions"}],"wp:featuredmedia":[{"embeddable":true,"href":"https:\/\/www.europesays.com\/pt\/wp-json\/wp\/v2\/media\/217243"}],"wp:attachment":[{"href":"https:\/\/www.europesays.com\/pt\/wp-json\/wp\/v2\/media?parent=217242"}],"wp:term":[{"taxonomy":"category","embeddable":true,"href":"https:\/\/www.europesays.com\/pt\/wp-json\/wp\/v2\/categories?post=217242"},{"taxonomy":"post_tag","embeddable":true,"href":"https:\/\/www.europesays.com\/pt\/wp-json\/wp\/v2\/tags?post=217242"}],"curies":[{"name":"wp","href":"https:\/\/api.w.org\/{rel}","templated":true}]}}