{"id":217244,"date":"2026-01-06T10:34:08","date_gmt":"2026-01-06T10:34:08","guid":{"rendered":"https:\/\/www.europesays.com\/pt\/217244\/"},"modified":"2026-01-06T10:34:08","modified_gmt":"2026-01-06T10:34:08","slug":"tribunal-rejeita-suspensao-da-retirada-de-cartazes-ventura-fala-em-injustica","status":"publish","type":"post","link":"https:\/\/www.europesays.com\/pt\/217244\/","title":{"rendered":"Tribunal rejeita suspens\u00e3o da retirada de cartazes, Ventura fala em injusti\u00e7a"},"content":{"rendered":"<p>&#13;<br \/>\nO Tribunal, numa decis\u00e3o enviada aos jornalistas por fonte oficial do Chega, rejeitou o pedido de efeito suspensivo da retirada de cartazes enquanto n\u00e3o h\u00e1 decis\u00e3o de recurso, depois de um requerimento feito por Andr\u00e9 Ventura.&#13;\n<\/p>\n<p>&#13;<br \/>\nA ju\u00edza Ana Bar\u00e3o considerou que o candidato presidencial tem direito a recorrer da decis\u00e3o, mas que n\u00e3o pode pedir o efeito suspensivo, que s\u00f3 \u00e9 atribu\u00eddo a determinadas a\u00e7\u00f5es previstas no C\u00f3digo de Processo Civil &#8212; n\u00e3o abrangidas por este caso.&#13;\n<\/p>\n<p>&#13;<br \/>\nAl\u00e9m disso, sustenta a ju\u00edza, o candidato presidencial n\u00e3o concretiza como \u00e9 que a retirada dos cartazes lhe ir\u00e1 causar um &#8220;preju\u00edzo grave e repar\u00e1vel&#8221; e n\u00e3o se ofereceu para prestar cau\u00e7\u00e3o, al\u00e9m de que, no seu entender, deve prevalecer o direito ao bom nome, imagem e reputa\u00e7\u00e3o, num contexto em que o direito de Andr\u00e9 Ventura exercer a campanha eleitoral &#8220;continua a ser assegurado&#8221;.&#13;\n<\/p>\n<p>&#13;<br \/>\n\u00c0 chegada a Vendas Novas, distrito de \u00c9vora, para uma arruada, o tamb\u00e9m presidente do Chega considerou, em declara\u00e7\u00f5es aos jornalistas, que a recusa do efeito suspensivo da decis\u00e3o \u00e9 &#8220;injusta&#8221; e &#8220;lament\u00e1vel&#8221;.&#13;\n<\/p>\n<p>&#13;<br \/>\n&#8220;\u00c9 uma decis\u00e3o errada&#8221;, vincou, criticando o tribunal por considerar que o candidato n\u00e3o pode esperar pelo recurso para retirar os cartazes.&#13;\n<\/p>\n<p>&#13;<br \/>\nAndr\u00e9 Ventura disse que &#8220;voltaria exatamente a fazer a mesma coisa e a colocar os cartazes [a dizer] que os ciganos t\u00eam de cumprir a lei&#8221;.&#13;\n<\/p>\n<p>&#13;<br \/>\nO candidato presidencial afirmou ainda que ir\u00e1 acatar a decis\u00e3o, referindo que deu hoje indica\u00e7\u00e3o para que todos os cartazes que visem a comunidade cigana sejam j\u00e1 retirados, sem esclarecer quantos \u00e9 que ainda est\u00e3o afixados e em que distritos.&#13;\n<\/p>\n<p>&#13;<br \/>\nContactado pela ag\u00eancia Lusa, Bruno Gon\u00e7alves, de uma das associa\u00e7\u00f5es ciganas que apresentaram queixa contra os cartazes, disse que, das informa\u00e7\u00f5es recolhidas pela Letras N\u00f3madas at\u00e9 30 de dezembro de 2025, j\u00e1 n\u00e3o havia nenhum cartaz de Ventura na rua com a refer\u00eancia \u00e0 comunidade cigana. &#13;\n<\/p>\n<p>&#13;<br \/>\nO vice-presidente da associa\u00e7\u00e3o apenas tem conhecimento de um cartaz em Vila Nova de Milfontes, em que a refer\u00eancia aos ciganos foi substitu\u00edda por &#8220;as minorias do costume&#8221;.&#13;\n<\/p>\n<p>&#13;<br \/>\n&#8220;[Com esta decis\u00e3o], Andr\u00e9 Ventura engoliu um grande sapo&#8221;, vincou Bruno Gon\u00e7alves.&#13;\n<\/p>\n<p>&#13;<br \/>\nNa resposta ao requerimento de Andr\u00e9 Ventura, as associa\u00e7\u00f5es que apresentaram queixa contra os cartazes afirmaram que as ofensas se sobrep\u00f5em \u00e0 liberdade de express\u00e3o do candidato, acusando-o ainda de n\u00e3o ter apresentado em tribunal de que modo concreto \u00e9 que o cumprimento da decis\u00e3o afetaria de forma &#8220;grave ou apreci\u00e1vel&#8221; a sua campanha pol\u00edtica, al\u00e9m de apresentar &#8220;amplos recursos&#8221; e grande cobertura medi\u00e1tica. &#13;\n<\/p>\n<p>&#13;<br \/>\nNa decis\u00e3o que determinou a retirada dos cartazes, o Tribunal de Lisboa entendeu que a restri\u00e7\u00e3o da liberdade de express\u00e3o de Andr\u00e9 Ventura justificava-se, naquele caso concreto, face \u00e0 &#8220;proibi\u00e7\u00e3o de discrimina\u00e7\u00e3o em fun\u00e7\u00e3o da ra\u00e7a ou etnia&#8221;, referia a ju\u00edza, num ac\u00f3rd\u00e3o que cita a Conven\u00e7\u00e3o Europeia dos Direitos Humanos.&#13;<\/p>\n","protected":false},"excerpt":{"rendered":"&#13; O Tribunal, numa decis\u00e3o enviada aos jornalistas por fonte oficial do Chega, rejeitou o pedido de efeito&hellip;\n","protected":false},"author":2,"featured_media":217245,"comment_status":"","ping_status":"","sticky":false,"template":"","format":"standard","meta":{"footnotes":""},"categories":[8],"tags":[27,28,1736,15,16,14,25,26,42295,21,22,12,13,19,20,32,23,24,33,17,18,29,30,31],"class_list":{"0":"post-217244","1":"post","2":"type-post","3":"status-publish","4":"format-standard","5":"has-post-thumbnail","7":"category-principais-noticias","8":"tag-breaking-news","9":"tag-breakingnews","10":"tag-chega","11":"tag-featured-news","12":"tag-featurednews","13":"tag-headlines","14":"tag-latest-news","15":"tag-latestnews","16":"tag-letras-nomadas","17":"tag-main-news","18":"tag-mainnews","19":"tag-news","20":"tag-noticias","21":"tag-noticias-principais","22":"tag-noticiasprincipais","23":"tag-portugal","24":"tag-principais-noticias","25":"tag-principaisnoticias","26":"tag-pt","27":"tag-top-stories","28":"tag-topstories","29":"tag-ultimas","30":"tag-ultimas-noticias","31":"tag-ultimasnoticias"},"share_on_mastodon":{"url":"https:\/\/pubeurope.com\/@pt\/115847709766132645","error":""},"_links":{"self":[{"href":"https:\/\/www.europesays.com\/pt\/wp-json\/wp\/v2\/posts\/217244","targetHints":{"allow":["GET"]}}],"collection":[{"href":"https:\/\/www.europesays.com\/pt\/wp-json\/wp\/v2\/posts"}],"about":[{"href":"https:\/\/www.europesays.com\/pt\/wp-json\/wp\/v2\/types\/post"}],"author":[{"embeddable":true,"href":"https:\/\/www.europesays.com\/pt\/wp-json\/wp\/v2\/users\/2"}],"replies":[{"embeddable":true,"href":"https:\/\/www.europesays.com\/pt\/wp-json\/wp\/v2\/comments?post=217244"}],"version-history":[{"count":0,"href":"https:\/\/www.europesays.com\/pt\/wp-json\/wp\/v2\/posts\/217244\/revisions"}],"wp:featuredmedia":[{"embeddable":true,"href":"https:\/\/www.europesays.com\/pt\/wp-json\/wp\/v2\/media\/217245"}],"wp:attachment":[{"href":"https:\/\/www.europesays.com\/pt\/wp-json\/wp\/v2\/media?parent=217244"}],"wp:term":[{"taxonomy":"category","embeddable":true,"href":"https:\/\/www.europesays.com\/pt\/wp-json\/wp\/v2\/categories?post=217244"},{"taxonomy":"post_tag","embeddable":true,"href":"https:\/\/www.europesays.com\/pt\/wp-json\/wp\/v2\/tags?post=217244"}],"curies":[{"name":"wp","href":"https:\/\/api.w.org\/{rel}","templated":true}]}}