{"id":21727,"date":"2025-08-08T22:30:08","date_gmt":"2025-08-08T22:30:08","guid":{"rendered":"https:\/\/www.europesays.com\/pt\/21727\/"},"modified":"2025-08-08T22:30:08","modified_gmt":"2025-08-08T22:30:08","slug":"mais-uma-plataforma-de-streaming-a-combater-a-partilha-de-conta","status":"publish","type":"post","link":"https:\/\/www.europesays.com\/pt\/21727\/","title":{"rendered":"mais uma plataforma de streaming a combater a partilha de conta"},"content":{"rendered":"<p>Uma a uma, as plataformas de streaming est\u00e3o a acabar com a facilidade de partilha de conta entre v\u00e1rios utilizadores. A mais recente neste esfor\u00e7o parece ser a HBO Max, que planeia adotar uma abordagem mais &#8220;agressiva&#8221;.<\/p>\n<p><a target=\"_blank\" href=\"https:\/\/pplware.sapo.pt\/wp-content\/uploads\/2025\/08\/hbo_max00.jpg\" onclick=\"refreshIframe()\" class=\"foobox\" rel=\"nofollow noopener\"><img fetchpriority=\"high\" decoding=\"async\" src=\"https:\/\/www.europesays.com\/pt\/wp-content\/uploads\/2025\/08\/hbo_max00-720x405.jpg\" alt=\"HBO Max\" width=\"720\" height=\"405\" class=\"aligncenter size-medium wp-image-1072274\"  \/><\/a>\n<\/p>\n<p>O diretor de streaming e jogos da Warner Bros. Discovery <a target=\"_blank\" href=\"https:\/\/seekingalpha.com\/article\/4810344-warner-bros-discovery-inc-wbd-q2-2025-earnings-call-transcript#:~:text=you%20go%20forward%3F-,Jean%2DBriac%20Perrette,-Yes.%20I%27ll%20start\" rel=\"nofollow noopener\">informou<\/a> aos investidores que a HBO Max iniciar\u00e1 uma campanha de avisos &#8220;agressiva&#8221; sobre a partilha de contas, a partir do pr\u00f3ximo m\u00eas, segundo um <a target=\"_blank\" href=\"https:\/\/seekingalpha.com\/article\/4810344-warner-bros-discovery-inc-wbd-q2-2025-earnings-call-transcript\" rel=\"nofollow noopener\">relat\u00f3rio de resultados<\/a> relativo ao segundo trimestre de 2025, publicado ontem.<\/p>\n<p>Segundo JB Perrette, a abordagem da plataforma de streaming tem sido &#8220;bastante suave&#8221;, apresentando apenas uma mensagem dispens\u00e1vel.<\/p>\n<blockquote>\n<p>[A mensagem] come\u00e7ar\u00e1 a ficar mais fixa e de tal forma que as pessoas ter\u00e3o de tomar medidas, ao contr\u00e1rio do que acontece agora, que \u00e9 um processo volunt\u00e1rio.<\/p>\n<\/blockquote>\n<p>\u00c0 semelhan\u00e7a do que vem acontecendo com outras plataformas de streaming, como a Netflix, cujos resultados <a target=\"_blank\" href=\"https:\/\/pplware.sapo.pt\/internet\/netflix-com-lucro-acima-do-esperado-receita-tambem-cresceu-16-no-2-o-trimestre\/\" rel=\"nofollow noopener\">t\u00eam mostrado<\/a> que a abordagem restrita relativamente \u00e0 partilha de contas pode compensar, a empresa respons\u00e1vel pela HBO Max espera que a nova estrat\u00e9gia resulte em recompensas financeiras.<\/p>\n<p>Segundo Perette, &#8220;o benef\u00edcio real provavelmente come\u00e7ar\u00e1 no quarto trimestre e refor\u00e7ar-se-\u00e1 em 2026&#8221;.<\/p>\n","protected":false},"excerpt":{"rendered":"Uma a uma, as plataformas de streaming est\u00e3o a acabar com a facilidade de partilha de conta entre&hellip;\n","protected":false},"author":2,"featured_media":21728,"comment_status":"","ping_status":"","sticky":false,"template":"","format":"standard","meta":{"footnotes":""},"categories":[142],"tags":[114,115,1583,7824,7825,32,33,151],"class_list":{"0":"post-21727","1":"post","2":"type-post","3":"status-publish","4":"format-standard","5":"has-post-thumbnail","7":"category-tv","8":"tag-entertainment","9":"tag-entretenimento","10":"tag-hbo-max","11":"tag-partilha-de-contas","12":"tag-plataforma-de-streaming","13":"tag-portugal","14":"tag-pt","15":"tag-tv"},"share_on_mastodon":{"url":"","error":""},"_links":{"self":[{"href":"https:\/\/www.europesays.com\/pt\/wp-json\/wp\/v2\/posts\/21727","targetHints":{"allow":["GET"]}}],"collection":[{"href":"https:\/\/www.europesays.com\/pt\/wp-json\/wp\/v2\/posts"}],"about":[{"href":"https:\/\/www.europesays.com\/pt\/wp-json\/wp\/v2\/types\/post"}],"author":[{"embeddable":true,"href":"https:\/\/www.europesays.com\/pt\/wp-json\/wp\/v2\/users\/2"}],"replies":[{"embeddable":true,"href":"https:\/\/www.europesays.com\/pt\/wp-json\/wp\/v2\/comments?post=21727"}],"version-history":[{"count":0,"href":"https:\/\/www.europesays.com\/pt\/wp-json\/wp\/v2\/posts\/21727\/revisions"}],"wp:featuredmedia":[{"embeddable":true,"href":"https:\/\/www.europesays.com\/pt\/wp-json\/wp\/v2\/media\/21728"}],"wp:attachment":[{"href":"https:\/\/www.europesays.com\/pt\/wp-json\/wp\/v2\/media?parent=21727"}],"wp:term":[{"taxonomy":"category","embeddable":true,"href":"https:\/\/www.europesays.com\/pt\/wp-json\/wp\/v2\/categories?post=21727"},{"taxonomy":"post_tag","embeddable":true,"href":"https:\/\/www.europesays.com\/pt\/wp-json\/wp\/v2\/tags?post=21727"}],"curies":[{"name":"wp","href":"https:\/\/api.w.org\/{rel}","templated":true}]}}