{"id":217277,"date":"2026-01-06T11:03:14","date_gmt":"2026-01-06T11:03:14","guid":{"rendered":"https:\/\/www.europesays.com\/pt\/217277\/"},"modified":"2026-01-06T11:03:14","modified_gmt":"2026-01-06T11:03:14","slug":"relacionamento-de-anitta-com-manezinho-completa-um-ano","status":"publish","type":"post","link":"https:\/\/www.europesays.com\/pt\/217277\/","title":{"rendered":"Relacionamento de Anitta com &#8216;manezinho&#8217; completa um ano"},"content":{"rendered":"<p>  <img class=\"content-first-image size-full wp-image-2650922\" loading=\"eager\" decoding=\"sync\" fetchpriority=\"high\" src=\"https:\/\/www.europesays.com\/pt\/wp-content\/uploads\/2025\/09\/21333755-8a0e-483c-b4ed-b7642f58787c.jpeg\" alt=\"Anitta e o namorado, Ian BortolanzaFoto: Divulga\u00e7\u00e3o\/ND Mais\" width=\"888\" height=\"615\"  \/>Anitta e o namorado, Ian BortolanzaFoto: Divulga\u00e7\u00e3o\/ND Mais<\/p>\n<p>O relacionamento de Anitta com o <a href=\"https:\/\/ndmais.com.br\/famosos\/manezinho-conquistou-a-poderosa-quem-e-o-catarinense-que-namora-anitta-e-prefere-a-discricao\/\" rel=\"nofollow noopener\" target=\"_blank\">manezinho Ian Bortolanza completou um ano nesta semana<\/a>.<\/p>\n<p>O relacionamento iniciou pouco antes do carnaval de 2025 e segue inabal\u00e1vel \u2014 e discreto \u2014 neste ano que inicia.<\/p>\n<p>Mesmo com mais de 63 milh\u00f5es de seguidores nas redes sociais, Anitta optou por viver o namoro de forma reservada. A cantora vive uma fase mais introspectiva, evitando grandes exposi\u00e7\u00f5es midi\u00e1ticas.<\/p>\n<p><a class=\"cta-discover d-flex justify-content-between align-items-center w-100\" target=\"_blank\" rel=\"nofollow noopner noopener\" href=\"https:\/\/profile.google.com\/cp\/Cg0vZy8xMXZ5cjY4NHho\">   Fa\u00e7a como milh\u00f5es de leitores informados: siga o ND Mais no Google.  Seguir<\/a> <img class=\"wp-image-2503275 size-full\" loading=\"lazy\" decoding=\"async\" src=\"https:\/\/www.europesays.com\/pt\/wp-content\/uploads\/2025\/09\/ian-bortolanza-novo-romance-de-anitta-1.jpg\" alt=\"Anitta e namorado\" width=\"1200\" height=\"800\"  \/>Ian Bortolanza e Anitta foram vistos juntos pela primeira vez antes do Carnaval 2025Foto: Redes Sociais\/Reprodu\u00e7\u00e3o\/ND<\/p>\n<p>Apesar de ter milhares de seguidores no Instagram, Ian Bortolanza n\u00e3o \u00e9 um deles. Anitta e o namorado n\u00e3o se seguem nas redes sociais. A cantora, no entanto, segue apenas a empresa de marketing da qual Ian \u00e9 s\u00f3cio.<\/p>\n<p>Anitta e empres\u00e1rio manezinho celebram um ano de namoro<\/p>\n<p>Recentemente, a artista comentou sobre o relacionamento e citou como o companheiro tem contribu\u00eddo com a nova etapa da carreira, destacando o perfil discreto do empres\u00e1rio.<\/p>\n<p>Ian Bortolanza, de 33 anos, mant\u00e9m um perfil privado no Instagram, com pouco mais de 4 mil seguidores, e \u00e9 descrito por pessoas pr\u00f3ximas como focado e avesso \u00e0 exposi\u00e7\u00e3o \u2013 caracter\u00edsticas que teriam aproximado o casal.<\/p>\n<ul class=\"slider-galeria-de-foto-wrapper glide__slides\">\n<li id=\"galeria-slide-1\" class=\"slider-galeria-de-foto-slide glide__slide\">\n<p> 1 de 4 <\/p>\n<p> <a href=\"https:\/\/static.ndmais.com.br\/2025\/09\/modelo-site-nd-mais-36.jpg\" title=\"Anitta e Ian Bortolanza se conheceram pelo Instagram - Redes Sociais\/Reprodu\u00e7\u00e3o\" data-caption=\"Anitta e Ian Bortolanza se conheceram pelo Instagram - Redes Sociais\/Reprodu\u00e7\u00e3o\" id=\"zoom-gallery-2652858\" class=\"imagem-galeria\" data-fancybox=\"\" rel=\"nofollow noopener\" target=\"_blank\"> <img decoding=\"async\" width=\"800\" height=\"467\" src=\"https:\/\/www.europesays.com\/pt\/wp-content\/uploads\/2026\/01\/modelo-site-nd-mais-36-800x467.jpg\" class=\"\" alt=\"Anitta e Ian Bortolanza se conheceram pelo Instagram - Redes Sociais\/Reprodu\u00e7\u00e3o\" loading=\"lazy\"  \/> <\/a> <\/p>\n<p> Anitta e Ian Bortolanza se conheceram pelo Instagram &#8211; Redes Sociais\/Reprodu\u00e7\u00e3o <\/p>\n<\/li>\n<li id=\"galeria-slide-2\" class=\"slider-galeria-de-foto-slide glide__slide\">\n<p> 2 de 4 <\/p>\n<p> <a href=\"https:\/\/www.europesays.com\/pt\/wp-content\/uploads\/2025\/09\/21333755-8a0e-483c-b4ed-b7642f58787c.jpeg\" title=\"Anitta e Ian Bortolanza - Divulga\u00e7\u00e3o\/ND\" data-caption=\"Anitta e Ian Bortolanza - Divulga\u00e7\u00e3o\/ND\" id=\"zoom-gallery-2650922\" class=\"imagem-galeria\" data-fancybox=\"\"> <img decoding=\"async\" width=\"800\" height=\"554\" src=\"https:\/\/www.europesays.com\/pt\/wp-content\/uploads\/2026\/01\/21333755-8a0e-483c-b4ed-b7642f58787c-800x554.jpeg\" class=\"\" alt=\"Anitta e Ian Bortolanza - Divulga\u00e7\u00e3o\/ND\" loading=\"lazy\"  \/> <\/a> <\/p>\n<p> Anitta e Ian Bortolanza &#8211; Divulga\u00e7\u00e3o\/ND <\/p>\n<\/li>\n<li id=\"galeria-slide-3\" class=\"slider-galeria-de-foto-slide glide__slide\">\n<p> 3 de 4 <\/p>\n<p> <a href=\"https:\/\/static.ndmais.com.br\/2025\/03\/ian-bortolanza-novo-romance-de-anitta-3.jpg\" title=\"Ian Bortolanza e Anitta foram vistos pela primeira vez juntos no Carnaval - Redes Sociais\/Reprodu\u00e7\u00e3o\/ND\" data-caption=\"Ian Bortolanza e Anitta foram vistos pela primeira vez juntos no Carnaval - Redes Sociais\/Reprodu\u00e7\u00e3o\/ND\" id=\"zoom-gallery-2503267\" class=\"imagem-galeria\" data-fancybox=\"\" rel=\"nofollow noopener\" target=\"_blank\"> <img decoding=\"async\" width=\"800\" height=\"533\" src=\"https:\/\/www.europesays.com\/pt\/wp-content\/uploads\/2026\/01\/ian-bortolanza-novo-romance-de-anitta-3-800x533.jpg\" class=\"\" alt=\"Ian Bortolanza e Anitta foram vistos pela primeira vez juntos no Carnaval - Redes Sociais\/Reprodu\u00e7\u00e3o\/ND\" loading=\"lazy\"  \/> <\/a> <\/p>\n<p> Ian Bortolanza e Anitta foram vistos pela primeira vez juntos no Carnaval &#8211; Redes Sociais\/Reprodu\u00e7\u00e3o\/ND <\/p>\n<\/li>\n<li id=\"galeria-slide-4\" class=\"slider-galeria-de-foto-slide glide__slide\">\n<p> 4 de 4 <\/p>\n<p> <a href=\"https:\/\/static.ndmais.com.br\/2025\/09\/modelo-site-nd-mais-44.jpg\" title=\"Anitta e empres\u00e1rio catarinense Ian Bortolanza vivem nova fase do namoro; cantora conheceu os futuros sogros - Redes Sociais\/Reprodu\u00e7\u00e3o\" data-caption=\"Anitta e empres\u00e1rio catarinense Ian Bortolanza vivem nova fase do namoro; cantora conheceu os futuros sogros - Redes Sociais\/Reprodu\u00e7\u00e3o\" id=\"zoom-gallery-2652898\" class=\"imagem-galeria\" data-fancybox=\"\" rel=\"nofollow noopener\" target=\"_blank\"> <img decoding=\"async\" width=\"800\" height=\"467\" src=\"https:\/\/www.europesays.com\/pt\/wp-content\/uploads\/2026\/01\/modelo-site-nd-mais-44-800x467.jpg\" class=\"\" alt=\"Anitta e empres\u00e1rio catarinense Ian Bortolanza vivem nova fase do namoro; cantora conheceu os futuros sogros - Redes Sociais\/Reprodu\u00e7\u00e3o\" loading=\"lazy\"  \/> <\/a> <\/p>\n<p> Anitta e empres\u00e1rio catarinense Ian Bortolanza vivem nova fase do namoro; cantora conheceu os futuros sogros &#8211; Redes Sociais\/Reprodu\u00e7\u00e3o <\/p>\n<\/li>\n<\/ul>\n<p>Natural de Florian\u00f3polis, o empres\u00e1rio atua no setor esportivo e \u00e9 s\u00f3cio de empresas ligadas ao segmento, al\u00e9m de coordenar a produ\u00e7\u00e3o de um podcast voltado ao universo das lutas.<\/p>\n<p>Ele tamb\u00e9m \u00e9 diretor de uma ag\u00eancia de consultoria e gest\u00e3o de marketing esportivo, com clientes conhecidos do MMA, como Rafael dos Anjos e Alex Poatan Pereira.<\/p>\n","protected":false},"excerpt":{"rendered":"Anitta e o namorado, Ian BortolanzaFoto: Divulga\u00e7\u00e3o\/ND Mais O relacionamento de Anitta com o manezinho Ian Bortolanza completou&hellip;\n","protected":false},"author":2,"featured_media":217278,"comment_status":"","ping_status":"","sticky":false,"template":"","format":"standard","meta":{"footnotes":""},"categories":[145],"tags":[2235,726,211,210,114,115,980,10647,1968,2250,32,33,3801],"class_list":{"0":"post-217277","1":"post","2":"type-post","3":"status-publish","4":"format-standard","5":"has-post-thumbnail","7":"category-celebridades","8":"tag-anitta","9":"tag-brasil","10":"tag-celebridades","11":"tag-celebrities","12":"tag-entertainment","13":"tag-entretenimento","14":"tag-famosos","15":"tag-florianpolis","16":"tag-notcia","17":"tag-notcia-santa-catarina","18":"tag-portugal","19":"tag-pt","20":"tag-santa-catarina"},"share_on_mastodon":{"url":"https:\/\/pubeurope.com\/@pt\/115847823622155083","error":""},"_links":{"self":[{"href":"https:\/\/www.europesays.com\/pt\/wp-json\/wp\/v2\/posts\/217277","targetHints":{"allow":["GET"]}}],"collection":[{"href":"https:\/\/www.europesays.com\/pt\/wp-json\/wp\/v2\/posts"}],"about":[{"href":"https:\/\/www.europesays.com\/pt\/wp-json\/wp\/v2\/types\/post"}],"author":[{"embeddable":true,"href":"https:\/\/www.europesays.com\/pt\/wp-json\/wp\/v2\/users\/2"}],"replies":[{"embeddable":true,"href":"https:\/\/www.europesays.com\/pt\/wp-json\/wp\/v2\/comments?post=217277"}],"version-history":[{"count":0,"href":"https:\/\/www.europesays.com\/pt\/wp-json\/wp\/v2\/posts\/217277\/revisions"}],"wp:featuredmedia":[{"embeddable":true,"href":"https:\/\/www.europesays.com\/pt\/wp-json\/wp\/v2\/media\/217278"}],"wp:attachment":[{"href":"https:\/\/www.europesays.com\/pt\/wp-json\/wp\/v2\/media?parent=217277"}],"wp:term":[{"taxonomy":"category","embeddable":true,"href":"https:\/\/www.europesays.com\/pt\/wp-json\/wp\/v2\/categories?post=217277"},{"taxonomy":"post_tag","embeddable":true,"href":"https:\/\/www.europesays.com\/pt\/wp-json\/wp\/v2\/tags?post=217277"}],"curies":[{"name":"wp","href":"https:\/\/api.w.org\/{rel}","templated":true}]}}