{"id":217297,"date":"2026-01-06T11:18:08","date_gmt":"2026-01-06T11:18:08","guid":{"rendered":"https:\/\/www.europesays.com\/pt\/217297\/"},"modified":"2026-01-06T11:18:08","modified_gmt":"2026-01-06T11:18:08","slug":"noiva-gaucha-de-brad-pitt-registra-boletim-de-ocorrencia-e-alega-que-caso-era-brincadeira","status":"publish","type":"post","link":"https:\/\/www.europesays.com\/pt\/217297\/","title":{"rendered":"Noiva ga\u00facha de Brad Pitt registra boletim de ocorr\u00eancia e alega que caso era brincadeira"},"content":{"rendered":"<p><img fetchpriority=\"high\" decoding=\"async\" class=\"w-fit lg:w-full\" loading=\"eager\" src=\"https:\/\/www.europesays.com\/pt\/wp-content\/uploads\/2026\/01\/5301294_421e4eaa29dd65e.jpg\" title=\"ANGELA WEISS \/ AFP\" alt=\"ANGELA WEISS \/ AFP\" width=\"700\" height=\"477\"\/>Na v\u00e9spera de Natal, a moradora disse \u00e0 BM que falava em chamada de v\u00eddeo com o atorANGELA WEISS \/ AFP<\/p>\n<p>A <strong>suposta noiva ga\u00facha de Brad Pitt<\/strong>, moradora de <strong>S\u00e3o Valentim<\/strong>, no norte do Estado, disse que tudo n\u00e3o passou de uma brincadeira. O caso foi registrado na Pol\u00edcia Civil na tarde desta segunda-feira (5), ap\u00f3s o rumor se espalhar pela internet nos \u00faltimos dias.\u00a0<\/p>\n<p>A hist\u00f3ria viral surgiu quando a mulher foi gravada <a href=\"https:\/\/gauchazh.clicrbs.com.br\/colunistas\/andressa-xavier\/noticia\/2026\/01\/tenho-certeza-que-falei-com-ele-noiva-gaucha-de-brad-pitt-e-um-alerta-para-uso-de-ia-na-internet-cmk1bjphm004s011ha8t1b1y2.html\" rel=\"nofollow noopener\" target=\"_blank\"><strong>dentro de um carro estacionado em frente ao aeroporto de Erechim<\/strong><\/a>, na noite do dia 24 de dezembro, v\u00e9spera de Natal. Ao ser abordada pela Brigada Militar naquela noite, ela explicou que esperava pelo pouso do ator americano Brad Pitt, que <strong>viria \u00e0 cidade para casar com ela<\/strong> ap\u00f3s conversarem via <strong>chamadas de v\u00eddeo<\/strong>.\u00a0<\/p>\n<p>No Boletim de Ocorr\u00eancias, por\u00e9m, a mulher disse que tudo passou de uma <strong>brincadeira com o filho de 12 anos<\/strong>. Conforme o registro, ela decidiu manter a vers\u00e3o com os policiais para &#8220;n\u00e3o se contradizer com o que havia falado anteriormente&#8221; mas que &#8220;nada do que falou \u00e9 verdade&#8221;.\u00a0<\/p>\n<p>Conforme o delegado de S\u00e3o Valentim, Germano Alves de Lima, o caso n\u00e3o deve ser investigado por enquanto. Ao ser convidada para esclarecer os fatos na Pol\u00edcia Civil, a <strong>v\u00edtima alegou que n\u00e3o houve qualquer preju\u00edzo financeiro com o caso<\/strong>, o que retira a suspeita de estelionato.\u00a0<\/p>\n<p>\u2014 Vamos precisar aguardar que surjam fatos novos para dar continuidade a uma investiga\u00e7\u00e3o, considerando as informa\u00e7\u00f5es prestadas por ela, alegando que o fato (golpe) n\u00e3o ocorreu. Tamb\u00e9m n\u00e3o houve uma representa\u00e7\u00e3o pela instaura\u00e7\u00e3o de uma investiga\u00e7\u00e3o, necess\u00e1ria no caso de estelionato \u2014 explica o delegado.\u00a0<\/p>\n<p>Questionado sobre a possibilidade da mulher responder sobre falso testemunho, o delegado informou que o caso ainda deve ser analisado.<\/p>\n<p>\ud83e\udd33 <strong>Para ler mais sobre o que acontece na regi\u00e3o, entre no canal de GZH Passo Fundo no WhatsApp e receba as principais informa\u00e7\u00f5es do dia. <\/strong><a href=\"https:\/\/gzh.digital\/canalpf\" target=\"_blank\" title=\"https:\/\/gzh.digital\/canalpf\" rel=\"nofollow noopener\"><strong>Clique aqui e acesse.<\/strong><\/a><\/p>\n","protected":false},"excerpt":{"rendered":"Na v\u00e9spera de Natal, a moradora disse \u00e0 BM que falava em chamada de v\u00eddeo com o atorANGELA&hellip;\n","protected":false},"author":2,"featured_media":217298,"comment_status":"","ping_status":"","sticky":false,"template":"","format":"standard","meta":{"footnotes":""},"categories":[145],"tags":[211,210,114,115,42300,933,1497,32,33],"class_list":{"0":"post-217297","1":"post","2":"type-post","3":"status-publish","4":"format-standard","5":"has-post-thumbnail","7":"category-celebridades","8":"tag-celebridades","9":"tag-celebrities","10":"tag-entertainment","11":"tag-entretenimento","12":"tag-estelionato","13":"tag-inteligencia-artificial","14":"tag-norte-do-rs","15":"tag-portugal","16":"tag-pt"},"share_on_mastodon":{"url":"https:\/\/pubeurope.com\/@pt\/115847882566304404","error":""},"_links":{"self":[{"href":"https:\/\/www.europesays.com\/pt\/wp-json\/wp\/v2\/posts\/217297","targetHints":{"allow":["GET"]}}],"collection":[{"href":"https:\/\/www.europesays.com\/pt\/wp-json\/wp\/v2\/posts"}],"about":[{"href":"https:\/\/www.europesays.com\/pt\/wp-json\/wp\/v2\/types\/post"}],"author":[{"embeddable":true,"href":"https:\/\/www.europesays.com\/pt\/wp-json\/wp\/v2\/users\/2"}],"replies":[{"embeddable":true,"href":"https:\/\/www.europesays.com\/pt\/wp-json\/wp\/v2\/comments?post=217297"}],"version-history":[{"count":0,"href":"https:\/\/www.europesays.com\/pt\/wp-json\/wp\/v2\/posts\/217297\/revisions"}],"wp:featuredmedia":[{"embeddable":true,"href":"https:\/\/www.europesays.com\/pt\/wp-json\/wp\/v2\/media\/217298"}],"wp:attachment":[{"href":"https:\/\/www.europesays.com\/pt\/wp-json\/wp\/v2\/media?parent=217297"}],"wp:term":[{"taxonomy":"category","embeddable":true,"href":"https:\/\/www.europesays.com\/pt\/wp-json\/wp\/v2\/categories?post=217297"},{"taxonomy":"post_tag","embeddable":true,"href":"https:\/\/www.europesays.com\/pt\/wp-json\/wp\/v2\/tags?post=217297"}],"curies":[{"name":"wp","href":"https:\/\/api.w.org\/{rel}","templated":true}]}}