{"id":217310,"date":"2026-01-06T11:30:12","date_gmt":"2026-01-06T11:30:12","guid":{"rendered":"https:\/\/www.europesays.com\/pt\/217310\/"},"modified":"2026-01-06T11:30:12","modified_gmt":"2026-01-06T11:30:12","slug":"circulacao-da-fertagus-com-constrangimentos-observador","status":"publish","type":"post","link":"https:\/\/www.europesays.com\/pt\/217310\/","title":{"rendered":"circula\u00e7\u00e3o da Fertagus com constrangimentos \u2013 Observador"},"content":{"rendered":"<p>A circula\u00e7\u00e3o de comboios da Fertagus est\u00e1 com constrangimentos e grandes atrasos devido a um problema num carril entre as esta\u00e7\u00f5es de Sete Rios e Roma-Areeiro \u2014 tro\u00e7o em que est\u00e1 mesmo interrompida \u2013, causando grandes constrangimentos aos passageiros.<\/p>\n<p>Nas redes sociais, a Fertagus explica que o motivo \u00e9 um \u201ccarril partido, no tro\u00e7o entre as esta\u00e7\u00f5es de Entrecampos e de Sete Rios da responsabilidade do gestor da infraestrutura\u201d, confirmando que \u201ca circula\u00e7\u00e3o est\u00e1 a decorrer com atrasos significativos e apenas entre Set\u00fabal e Campolide\u201d. \u201cEntre Sete Rios e Roma-Areeiro a circula\u00e7\u00e3o est\u00e1 interrompida\u201d, acrescenta.<\/p>\n<p>O Observador sabe que na esta\u00e7\u00e3o de Campolide, por exemplo, o cen\u00e1rio \u00e9 j\u00e1 de grandes aglomerados de pessoas que esperam por uma solu\u00e7\u00e3o para prosseguir viagem.<\/p>\n<p>Ao Observador, fonte da Fertagus diz esperar retomar a circula\u00e7\u00e3o no tro\u00e7o em que est\u00e1 interrompida, com recurso \u00e0s \u201ccontra-vias\u201d.<\/p>\n","protected":false},"excerpt":{"rendered":"A circula\u00e7\u00e3o de comboios da Fertagus est\u00e1 com constrangimentos e grandes atrasos devido a um problema num carril&hellip;\n","protected":false},"author":2,"featured_media":217311,"comment_status":"","ping_status":"","sticky":false,"template":"","format":"standard","meta":{"footnotes":""},"categories":[10],"tags":[27,28,13858,476,15,16,14,25,26,21,22,12,13,19,20,32,23,24,33,17,18,18784,2588,29,30,31],"class_list":{"0":"post-217310","1":"post","2":"type-post","3":"status-publish","4":"format-standard","5":"has-post-thumbnail","7":"category-portugal","8":"tag-breaking-news","9":"tag-breakingnews","10":"tag-comboios","11":"tag-economia","12":"tag-featured-news","13":"tag-featurednews","14":"tag-headlines","15":"tag-latest-news","16":"tag-latestnews","17":"tag-main-news","18":"tag-mainnews","19":"tag-news","20":"tag-noticias","21":"tag-noticias-principais","22":"tag-noticiasprincipais","23":"tag-portugal","24":"tag-principais-noticias","25":"tag-principaisnoticias","26":"tag-pt","27":"tag-top-stories","28":"tag-topstories","29":"tag-transporte-ferroviu00e1rio","30":"tag-transportes","31":"tag-ultimas","32":"tag-ultimas-noticias","33":"tag-ultimasnoticias"},"share_on_mastodon":{"url":"https:\/\/pubeurope.com\/@pt\/115847929797105210","error":""},"_links":{"self":[{"href":"https:\/\/www.europesays.com\/pt\/wp-json\/wp\/v2\/posts\/217310","targetHints":{"allow":["GET"]}}],"collection":[{"href":"https:\/\/www.europesays.com\/pt\/wp-json\/wp\/v2\/posts"}],"about":[{"href":"https:\/\/www.europesays.com\/pt\/wp-json\/wp\/v2\/types\/post"}],"author":[{"embeddable":true,"href":"https:\/\/www.europesays.com\/pt\/wp-json\/wp\/v2\/users\/2"}],"replies":[{"embeddable":true,"href":"https:\/\/www.europesays.com\/pt\/wp-json\/wp\/v2\/comments?post=217310"}],"version-history":[{"count":0,"href":"https:\/\/www.europesays.com\/pt\/wp-json\/wp\/v2\/posts\/217310\/revisions"}],"wp:featuredmedia":[{"embeddable":true,"href":"https:\/\/www.europesays.com\/pt\/wp-json\/wp\/v2\/media\/217311"}],"wp:attachment":[{"href":"https:\/\/www.europesays.com\/pt\/wp-json\/wp\/v2\/media?parent=217310"}],"wp:term":[{"taxonomy":"category","embeddable":true,"href":"https:\/\/www.europesays.com\/pt\/wp-json\/wp\/v2\/categories?post=217310"},{"taxonomy":"post_tag","embeddable":true,"href":"https:\/\/www.europesays.com\/pt\/wp-json\/wp\/v2\/tags?post=217310"}],"curies":[{"name":"wp","href":"https:\/\/api.w.org\/{rel}","templated":true}]}}