{"id":217316,"date":"2026-01-06T11:35:12","date_gmt":"2026-01-06T11:35:12","guid":{"rendered":"https:\/\/www.europesays.com\/pt\/217316\/"},"modified":"2026-01-06T11:35:12","modified_gmt":"2026-01-06T11:35:12","slug":"nao-me-ameaces-discussao-de-noelia-e-pedro-barroso-acaba-com-lagrimas","status":"publish","type":"post","link":"https:\/\/www.europesays.com\/pt\/217316\/","title":{"rendered":"&#8220;N\u00e3o me ameaces&#8221;. Discuss\u00e3o de No\u00e9lia e Pedro Barroso acaba com l\u00e1grimas"},"content":{"rendered":"<p>O clima de tens\u00e3o reinou ap\u00f3s a primeira gala do programa &#8220;1.\u00aa Companhia&#8221;. A postura de No\u00e9lia gerou desconforto entre os restantes participantes e a ex-concorrente do &#8220;Big Brother&#8221; acabou nomeada pela grande maioria.\u00a0<\/p>\n<p>A TVI revelou ontem <a href=\"https:\/\/tvi.iol.pt\/primeiracompanhia\/video\/noelia-reage-a-palavras-de-pedro-barroso-tu-nao-me-ameacas\/695ccc380cf22dd7c7f5109b\" target=\"_blank\" rel=\"noopener nofollow\">imagens<\/a> passadas no intervalo da gala, conduzida por Maria Botelho Moniz, que mostram uma discuss\u00e3o acesa entre a empres\u00e1ria algarvia e Pedro Barroso.\u00a0<\/p>\n<p>&#8220;N\u00e3o repitas o que eu digo, faz s\u00f3 o que eu fa\u00e7o&#8221;, atirou o ator.\u00a0<\/p>\n<p>&#8220;O que \u00e9 que me fazes?&#8221;, desafiou No\u00e9lia, levando os restantes participantes a reagirem.\u00a0<\/p>\n<p>&#8220;Esse \u00e9 o jogo, calma&#8221;, avisou Manuel Melo, apelando a que Pedro Barroso n\u00e3o perdesse a calma.\u00a0<\/p>\n<p>&#8220;Tu n\u00e3o me ameaces&#8221;, continuou No\u00e9lia, deixando incr\u00e9dulos os restantes concorrentes que a alertaram de imediato para o facto de n\u00e3o ter existido qualquer amea\u00e7a.\u00a0<\/p>\n<p>&#8220;Vais desistir f\u00e1cil, pela primeira vez na tua vida tu vais cair. Calma, vai l\u00e1 para Tavira&#8221;, disparou o ator.\u00a0<\/p>\n<p>Ap\u00f3s a troca de palavras, No\u00e9lia pegou na vassoura e foi varrer o ch\u00e3o. Pedro Barroso ficou sentado no sof\u00e1 a observar a colega de jogo, tendo depois dito a Soraia Carrega que teve vontade de chorar ao olhar para No\u00e9lia.\u00a0<\/p>\n<p>                                                    No\u00e9lia acabou em l\u00e1grimas<\/p>\n<p>Num outro momento, No\u00e9lia acabou em l\u00e1grimas ao conversar com Pedro Barroso.<\/p>\n<p>Os dois participantes tentaram conversar, por\u00e9m n\u00e3o conseguiram entender os pontos de vistas de cada um. Ainda assim, terminaram a conversa com um abra\u00e7o e No\u00e9lia acabou por deixar a emo\u00e7\u00e3o tomar conta de si. Veja <a href=\"https:\/\/tvi.iol.pt\/primeiracompanhia\/video\/vou-dizer-so-uma-vez-pedro-barroso-confronta-noelia-e-a-recruta-acaba-a-chorar\/695ccb2e0cf22dd7c7f5109a\" target=\"_blank\" rel=\"noopener nofollow\">aqui<\/a>.\u00a0<\/p>\n<p>J\u00e1 na manh\u00e3 de segunda-feira, 5 de janeiro, ao conversar com Andreia sobre Pedro Barroso, No\u00e9lia voltou a ficar em l\u00e1grimas por sentir-se incompreendida pelo ator.\u00a0<\/p>\n<p>Veja <a href=\"https:\/\/tvi.iol.pt\/primeiracompanhia\/video\/noelia-desabafa-com-andrea-sobre-pedro-barroso-e-as-lagrimas-escorrem\/695c164b0cf2c7eb24469c48\" target=\"_blank\" rel=\"noopener nofollow\">aqui<\/a> essas imagens.\u00a0<\/p>\n<p>                                                    <img decoding=\"async\" src=\"https:\/\/www.europesays.com\/pt\/wp-content\/uploads\/2026\/01\/naom_695770264b438.jpg\" border=\"0\" alt=\"Valter Carvalho sobre No\u00e9lia: \"\/><\/p>\n<p>Valter Carvalho marcou presen\u00e7a esta segunda-feira, 5 de janeiro, no programa &#8220;Dois \u00e0s 10&#8221;, da TVI, para fazer um balan\u00e7o da participa\u00e7\u00e3o no programa &#8220;1.\u00aa Companhia&#8221;. O modelo n\u00e3o poupou cr\u00edticas a No\u00e9lia.<\/p>\n<p>                                                     Not\u00edcias ao Minuto | 17:14 &#8211; 05\/01\/2026 <\/p>\n","protected":false},"excerpt":{"rendered":"O clima de tens\u00e3o reinou ap\u00f3s a primeira gala do programa &#8220;1.\u00aa Companhia&#8221;. A postura de No\u00e9lia gerou&hellip;\n","protected":false},"author":2,"featured_media":217317,"comment_status":"","ping_status":"","sticky":false,"template":"","format":"standard","meta":{"footnotes":""},"categories":[142],"tags":[114,115,32,33,151],"class_list":{"0":"post-217316","1":"post","2":"type-post","3":"status-publish","4":"format-standard","5":"has-post-thumbnail","7":"category-tv","8":"tag-entertainment","9":"tag-entretenimento","10":"tag-portugal","11":"tag-pt","12":"tag-tv"},"share_on_mastodon":{"url":"https:\/\/pubeurope.com\/@pt\/115847949386295250","error":""},"_links":{"self":[{"href":"https:\/\/www.europesays.com\/pt\/wp-json\/wp\/v2\/posts\/217316","targetHints":{"allow":["GET"]}}],"collection":[{"href":"https:\/\/www.europesays.com\/pt\/wp-json\/wp\/v2\/posts"}],"about":[{"href":"https:\/\/www.europesays.com\/pt\/wp-json\/wp\/v2\/types\/post"}],"author":[{"embeddable":true,"href":"https:\/\/www.europesays.com\/pt\/wp-json\/wp\/v2\/users\/2"}],"replies":[{"embeddable":true,"href":"https:\/\/www.europesays.com\/pt\/wp-json\/wp\/v2\/comments?post=217316"}],"version-history":[{"count":0,"href":"https:\/\/www.europesays.com\/pt\/wp-json\/wp\/v2\/posts\/217316\/revisions"}],"wp:featuredmedia":[{"embeddable":true,"href":"https:\/\/www.europesays.com\/pt\/wp-json\/wp\/v2\/media\/217317"}],"wp:attachment":[{"href":"https:\/\/www.europesays.com\/pt\/wp-json\/wp\/v2\/media?parent=217316"}],"wp:term":[{"taxonomy":"category","embeddable":true,"href":"https:\/\/www.europesays.com\/pt\/wp-json\/wp\/v2\/categories?post=217316"},{"taxonomy":"post_tag","embeddable":true,"href":"https:\/\/www.europesays.com\/pt\/wp-json\/wp\/v2\/tags?post=217316"}],"curies":[{"name":"wp","href":"https:\/\/api.w.org\/{rel}","templated":true}]}}