{"id":217363,"date":"2026-01-06T12:13:11","date_gmt":"2026-01-06T12:13:11","guid":{"rendered":"https:\/\/www.europesays.com\/pt\/217363\/"},"modified":"2026-01-06T12:13:11","modified_gmt":"2026-01-06T12:13:11","slug":"ameacou-divulgar-fotos-de-alegada-traicao-da-esposa-com-a-vitima-para-sacar-100-euros","status":"publish","type":"post","link":"https:\/\/www.europesays.com\/pt\/217363\/","title":{"rendered":"Amea\u00e7ou divulgar fotos de alegada trai\u00e7\u00e3o da esposa com a v\u00edtima para sacar 100 euros"},"content":{"rendered":"<p data-remotead-prev-elm=\"true\" data-remotead-elm-id=\"inread\">A deten\u00e7\u00e3o ocorreu ap\u00f3s um cidad\u00e3o ter sido contactado por um homem que, sob o pretexto de uma alegada situa\u00e7\u00e3o pessoal envolvendo a sua esposa e ele, afirmou estar na posse de fotografias supostamente comprometedoras.<\/p>\n<p>O suspeito exigiu o pagamento de 100 euros para que as imagens n\u00e3o fossem divulgadas. Perante a tentativa de extors\u00e3o, foi agendado um encontro presencial para a entrega do montante exigido, tendo o lesado comunicado previamente os factos \u00e0 PSP.<\/p>\n<p>Na sequ\u00eancia da den\u00fancia, os pol\u00edcias montaram uma vigil\u00e2ncia discreta, assegurando a prote\u00e7\u00e3o da v\u00edtima e presenciando a entrega do dinheiro \u00e0 suspeita, momento em que foi de imediato intercetada.<\/p>\n<p data-remotead-prev-elm=\"true\" data-remotead-elm-id=\"centro1\">Confrontada com os factos, a mulher identificou um terceiro indiv\u00edduo como respons\u00e1vel pelo esquema de extors\u00e3o, indicando que o mesmo se encontrava na sua resid\u00eancia. A suspeita autorizou a desloca\u00e7\u00e3o dos agentes ao local, onde foi poss\u00edvel identificar o segundo envolvido. Este admitiu os factos, tendo sido constitu\u00eddo arguido e sujeito \u00e0 medida de coa\u00e7\u00e3o de Termo de Identidade e Resid\u00eancia.<\/p>\n<p>A detida foi ouvido em primeiro interrogat\u00f3rio judicial no Tribunal da Comarca da Amadora, tendo-lhe sido igualmente aplicada a medida de coa\u00e7\u00e3o de termo de identidade e resid\u00eancia.<\/p>\n","protected":false},"excerpt":{"rendered":"A deten\u00e7\u00e3o ocorreu ap\u00f3s um cidad\u00e3o ter sido contactado por um homem que, sob o pretexto de uma&hellip;\n","protected":false},"author":2,"featured_media":217364,"comment_status":"","ping_status":"","sticky":false,"template":"","format":"standard","meta":{"footnotes":""},"categories":[10],"tags":[4249,27,28,16107,15,16,14,603,25,26,21,22,12,13,19,20,32,23,24,1306,33,17,18,29,30,31],"class_list":{"0":"post-217363","1":"post","2":"type-post","3":"status-publish","4":"format-standard","5":"has-post-thumbnail","7":"category-portugal","8":"tag-amadora","9":"tag-breaking-news","10":"tag-breakingnews","11":"tag-extorsao","12":"tag-featured-news","13":"tag-featurednews","14":"tag-headlines","15":"tag-justica","16":"tag-latest-news","17":"tag-latestnews","18":"tag-main-news","19":"tag-mainnews","20":"tag-news","21":"tag-noticias","22":"tag-noticias-principais","23":"tag-noticiasprincipais","24":"tag-portugal","25":"tag-principais-noticias","26":"tag-principaisnoticias","27":"tag-psp","28":"tag-pt","29":"tag-top-stories","30":"tag-topstories","31":"tag-ultimas","32":"tag-ultimas-noticias","33":"tag-ultimasnoticias"},"share_on_mastodon":{"url":"https:\/\/pubeurope.com\/@pt\/115848098912383145","error":""},"_links":{"self":[{"href":"https:\/\/www.europesays.com\/pt\/wp-json\/wp\/v2\/posts\/217363","targetHints":{"allow":["GET"]}}],"collection":[{"href":"https:\/\/www.europesays.com\/pt\/wp-json\/wp\/v2\/posts"}],"about":[{"href":"https:\/\/www.europesays.com\/pt\/wp-json\/wp\/v2\/types\/post"}],"author":[{"embeddable":true,"href":"https:\/\/www.europesays.com\/pt\/wp-json\/wp\/v2\/users\/2"}],"replies":[{"embeddable":true,"href":"https:\/\/www.europesays.com\/pt\/wp-json\/wp\/v2\/comments?post=217363"}],"version-history":[{"count":0,"href":"https:\/\/www.europesays.com\/pt\/wp-json\/wp\/v2\/posts\/217363\/revisions"}],"wp:featuredmedia":[{"embeddable":true,"href":"https:\/\/www.europesays.com\/pt\/wp-json\/wp\/v2\/media\/217364"}],"wp:attachment":[{"href":"https:\/\/www.europesays.com\/pt\/wp-json\/wp\/v2\/media?parent=217363"}],"wp:term":[{"taxonomy":"category","embeddable":true,"href":"https:\/\/www.europesays.com\/pt\/wp-json\/wp\/v2\/categories?post=217363"},{"taxonomy":"post_tag","embeddable":true,"href":"https:\/\/www.europesays.com\/pt\/wp-json\/wp\/v2\/tags?post=217363"}],"curies":[{"name":"wp","href":"https:\/\/api.w.org\/{rel}","templated":true}]}}