{"id":217365,"date":"2026-01-06T12:14:10","date_gmt":"2026-01-06T12:14:10","guid":{"rendered":"https:\/\/www.europesays.com\/pt\/217365\/"},"modified":"2026-01-06T12:14:10","modified_gmt":"2026-01-06T12:14:10","slug":"corina-machado-assegura-que-venezuela-sera-a-principal-aliada-dos-eua","status":"publish","type":"post","link":"https:\/\/www.europesays.com\/pt\/217365\/","title":{"rendered":"Corina Machado assegura que Venezuela ser\u00e1 &#8220;a principal aliada&#8221; dos EUA"},"content":{"rendered":"<p data-remotead-prev-elm=\"true\" data-remotead-elm-id=\"inread\">A l\u00edder da oposi\u00e7\u00e3o venezuelana, Mar\u00eda Corina Machado, agradeceu esta segunda-feira aos Estados Unidos a &#8220;firmeza e determina\u00e7\u00e3o no cumprimento da lei&#8221;, depois do Presidente, Nicol\u00e1s Maduro, e a mulher, Cilia Flores, terem sido retirados do pa\u00eds.<\/p>\n<p>Numa mensagem publicada nas redes sociais, Corina Machado, pr\u00e9mio Nobel da Paz deste ano, assegurou que o pa\u00eds sul-americano ser\u00e1 &#8220;o principal aliado&#8221; de Washington nas \u00e1reas da seguran\u00e7a, da energia, da democracia e dos direitos humanos, e afirmou que &#8220;a liberdade&#8221; na Venezuela &#8220;est\u00e1 pr\u00f3xima&#8221;.<\/p>\n<blockquote class=\"twitter-tweet\">\n<p>El bravo pueblo de Venezuela sali\u00f3 a las calles en 30 pa\u00edses y 130 ciudades del mundo para celebrar un paso enorme que marca la inevitabilidad e inminencia de la transici\u00f3n en Venezuela.<\/p>\n<p>Los venezolanos agradecemos al Presidente Donald Trump (<a href=\"https:\/\/twitter.com\/POTUS?ref_src=twsrc%5Etfw\" rel=\"nofollow noopener\" target=\"_blank\">@POTUS<\/a>) y a su administraci\u00f3n por&#8230; <a href=\"https:\/\/t.co\/yKPoxp2dPp\" rel=\"nofollow\">pic.twitter.com\/yKPoxp2dPp<\/a><\/p>\n<p>&#8211; Mar\u00eda Corina Machado (@MariaCorinaYA) <a href=\"https:\/\/twitter.com\/MariaCorinaYA\/status\/2008194629200498801?ref_src=twsrc%5Etfw\" rel=\"nofollow noopener\" target=\"_blank\">January 5, 2026<\/a><\/p><\/blockquote>\n<p data-remotead-prev-elm=\"true\" data-remotead-elm-id=\"centro1\">A mensagem surgiu dois dias depois de Maduro e a mulher terem sido capturados pelos Estados Unidos, no \u00e2mbito de ataques militares ordenados por Trump em v\u00e1rios pontos de Caracas e em tr\u00eas estados vizinhos, com o Presidente venezuelano a estar j\u00e1 a prestar declara\u00e7\u00f5es num tribunal de Nova Iorque para responder \u00e0s alegadas acusa\u00e7\u00f5es de corrup\u00e7\u00e3o, branqueamento de capitais e tr\u00e1fico de droga.<\/p>\n<p>A dirigente da oposi\u00e7\u00e3o considerou que a captura Maduro constitui &#8220;um enorme passo que marca a inevitabilidade e a imin\u00eancia da transi\u00e7\u00e3o&#8221; no pa\u00eds latino-americano.<\/p>\n<p>Machado saudou o &#8220;bravo povo da Venezuela&#8221;, que saiu \u00e0 rua &#8220;em 30 pa\u00edses e 130 cidades do mundo&#8221; para celebrar o afastamento de Maduro do poder. <\/p>\n<p data-remotead-prev-elm=\"true\" data-remotead-elm-id=\"centro2\">&#8220;A liberdade da Venezuela est\u00e1 pr\u00f3xima e em breve vamos celebrar na nossa terra. Vamos gritar, rezar e abra\u00e7ar-nos em fam\u00edlia, porque os nossos filhos v\u00e3o regressar a casa&#8221;, escreveu na rede social X.<\/p>\n<p>No s\u00e1bado, horas depois da opera\u00e7\u00e3o militar na Venezuela, Trump ter afirmado que os Estados Unidos v\u00e3o dirigir o pa\u00eds &#8220;para que a transi\u00e7\u00e3o seja poss\u00edvel&#8221;, tendo tamb\u00e9m manifestado s\u00e9rias d\u00favidas em rela\u00e7\u00e3o a Corina Machado, por considerar que n\u00e3o disp\u00f5e de apoio suficiente entre a popula\u00e7\u00e3o venezuelana.<\/p>\n<p>Entretanto, a vice-presidente da Venezuela, Delcy Rodr\u00edguez, assumiu, de acordo com a Constitui\u00e7\u00e3o venezuelana, as fun\u00e7\u00f5es presidenciais e convidou os EUA &#8220;a trabalhar conjuntamente numa agenda de coopera\u00e7\u00e3o&#8221;.<\/p>\n<p><script async src=\"https:\/\/platform.twitter.com\/widgets.js\" charset=\"utf-8\"><\/script><\/p>\n","protected":false},"excerpt":{"rendered":"A l\u00edder da oposi\u00e7\u00e3o venezuelana, Mar\u00eda Corina Machado, agradeceu esta segunda-feira aos Estados Unidos a &#8220;firmeza e determina\u00e7\u00e3o&hellip;\n","protected":false},"author":2,"featured_media":217366,"comment_status":"","ping_status":"","sticky":false,"template":"","format":"standard","meta":{"footnotes":""},"categories":[8],"tags":[993,27,28,413,41754,15,16,14,82,25,26,21,22,29493,62,12,13,19,20,32,23,24,33,17,18,29,30,31,3023],"class_list":{"0":"post-217365","1":"post","2":"type-post","3":"status-publish","4":"format-standard","5":"has-post-thumbnail","7":"category-principais-noticias","8":"tag-america","9":"tag-breaking-news","10":"tag-breakingnews","11":"tag-eua","12":"tag-eua-atacam-venezuela","13":"tag-featured-news","14":"tag-featurednews","15":"tag-headlines","16":"tag-internacional","17":"tag-latest-news","18":"tag-latestnews","19":"tag-main-news","20":"tag-mainnews","21":"tag-maria-corina-machado","22":"tag-mundo","23":"tag-news","24":"tag-noticias","25":"tag-noticias-principais","26":"tag-noticiasprincipais","27":"tag-portugal","28":"tag-principais-noticias","29":"tag-principaisnoticias","30":"tag-pt","31":"tag-top-stories","32":"tag-topstories","33":"tag-ultimas","34":"tag-ultimas-noticias","35":"tag-ultimasnoticias","36":"tag-venezuela"},"share_on_mastodon":{"url":"https:\/\/pubeurope.com\/@pt\/115848102941743621","error":""},"_links":{"self":[{"href":"https:\/\/www.europesays.com\/pt\/wp-json\/wp\/v2\/posts\/217365","targetHints":{"allow":["GET"]}}],"collection":[{"href":"https:\/\/www.europesays.com\/pt\/wp-json\/wp\/v2\/posts"}],"about":[{"href":"https:\/\/www.europesays.com\/pt\/wp-json\/wp\/v2\/types\/post"}],"author":[{"embeddable":true,"href":"https:\/\/www.europesays.com\/pt\/wp-json\/wp\/v2\/users\/2"}],"replies":[{"embeddable":true,"href":"https:\/\/www.europesays.com\/pt\/wp-json\/wp\/v2\/comments?post=217365"}],"version-history":[{"count":0,"href":"https:\/\/www.europesays.com\/pt\/wp-json\/wp\/v2\/posts\/217365\/revisions"}],"wp:featuredmedia":[{"embeddable":true,"href":"https:\/\/www.europesays.com\/pt\/wp-json\/wp\/v2\/media\/217366"}],"wp:attachment":[{"href":"https:\/\/www.europesays.com\/pt\/wp-json\/wp\/v2\/media?parent=217365"}],"wp:term":[{"taxonomy":"category","embeddable":true,"href":"https:\/\/www.europesays.com\/pt\/wp-json\/wp\/v2\/categories?post=217365"},{"taxonomy":"post_tag","embeddable":true,"href":"https:\/\/www.europesays.com\/pt\/wp-json\/wp\/v2\/tags?post=217365"}],"curies":[{"name":"wp","href":"https:\/\/api.w.org\/{rel}","templated":true}]}}