{"id":217383,"date":"2026-01-06T12:28:15","date_gmt":"2026-01-06T12:28:15","guid":{"rendered":"https:\/\/www.europesays.com\/pt\/217383\/"},"modified":"2026-01-06T12:28:15","modified_gmt":"2026-01-06T12:28:15","slug":"jorge-pinto-perde-salario-na-ar-e-pertence-a-14-cooperativas-observador","status":"publish","type":"post","link":"https:\/\/www.europesays.com\/pt\/217383\/","title":{"rendered":"Jorge Pinto perde sal\u00e1rio na AR e pertence a 14 cooperativas \u2013 Observador"},"content":{"rendered":"<p>O Observador est\u00e1 a publicar uma s\u00e9rie de trabalhos sobre as declara\u00e7\u00f5es de rendimentos dos candidatos presidenciais<\/p>\n<p>Jorge Pinto abdicou de um sal\u00e1rio mais vantajoso em Bruxelas para assumir o lugar de deputado na Assembleia da Rep\u00fablica, em 2024. O dirigente do Livre trabalhava como t\u00e9cnico superior na \u00e1rea da sustentabilidade na Eurocontrol, uma ag\u00eancia europeia do setor da avia\u00e7\u00e3o, onde auferiu 73.797 euros, em 2023. Em mar\u00e7o seguinte voltou a Portugal, mas manteve a liga\u00e7\u00e3o \u00e0 B\u00e9lgica onde tem uma quota-parte em 12 cooperativas. Al\u00e9m disso, \u00e9 tamb\u00e9m membro de duas outras cooperativas portuguesas, totalizando mais de 10 mil euros investidos em sociedades deste tipo.<\/p>\n<p>Com efeito, em 2024, os rendimentos do trabalho de Jorge Pinto diminu\u00edram para 61.040 euros. O deputado recebeu ainda 17.750 euros da Eurocontrol, relativos aos primeiros meses do ano, aos quais somaria os 43.294 euros auferidos pelas fun\u00e7\u00f5es exercidas em exclusividade no Parlamento, onde tomou posse, pela primeira vez, no final de mar\u00e7o de 2024.<\/p>\n<p>Em 2023, al\u00e9m do vencimento da Eurocontrol, o candidato apoiado pelo Livre \u2014 tamb\u00e9m fundador do partido e membro da sua dire\u00e7\u00e3o \u2014 auferiu ainda 1.091 euros cuja proveni\u00eancia n\u00e3o especificou, atribuindo-os \u00e0 categoria \u201coutros rendimentos\u201d. No ano seguinte, nessa categoria, estavam apenas 274 euros, justificados como sendo relativos a direitos de autor. Jorge Pinto \u00e9 autor de livros como \u201cA liberdade dos futuros: ecorrepublicanismo do s\u00e9culo XXI\u201d (2021) ou \u201cAmadeu: A vida e obra entre Amarante e Paris\u201d (2018).<\/p>\n<p>Apesar de ser a sua cidade natal, o candidato presidencial nunca declarou qualquer patrim\u00f3nio imobili\u00e1rio em Amarante. Jorge Pinto \u00e9 apenas propriet\u00e1rio de um apartamento T1, no centro do Porto. Tanto em 2023 como em 2024, declarou 6 mil euros de rendimentos prediais<\/p>\n<p> No ano seguinte, nessa categoria, estavam apenas 274 euros, justificados como sendo relativos a direitos de autor. Jorge Pinto \u00e9 autor de livros como \u201cA liberdade dos futuros: ecorrepublicanismo do s\u00e9culo XXI\u201d (2021) ou \u201cAmadeu: A vida e obra entre Amarante e Paris\u201d (2018). <\/p>\n<p>As declara\u00e7\u00f5es de rendimentos do dirigente do Livre destacam-se das restantes pelas participa\u00e7\u00f5es que este tem em cooperativas e a quantidade de sociedades deste tipo em que participa. Jorge Pinto tem 10.430 euros em quotas-partes num total de 14 cooperativas \u2014 sociedades coletivas sem fins lucrativos com um modelo de gest\u00e3o mais horizontal.<\/p>\n<p>A maioria daquelas em que Jorge Pinto participa s\u00e3o belgas: a Fincommon (onde Jorge Pinto tem 1.500 euros), a Fairground que tem como objetivo de \u201cdesenvolver projetos imobili\u00e1rios n\u00e3o especulativos\u201d (1.000 euros), a cooperativa \u201cagr\u00edcola ecol\u00f3gica\u201d Agricovert (500 euros), a cervejaria artesanal Brasserie de la Lesse (250 euros), a cooperativa de telecomunica\u00e7\u00f5es Neibo (1.000 euros), a Nubo, que oferece servi\u00e7os online com enfoque especial na privacidade (100 euros), as cooperativas de energia renov\u00e1vel Brupower (1.000 euros) e Energie 2030 (1.000 euros), o supermercado participativo Bees (100 euros), o banco NewB (3.000 euros), o Cinema Nova (500 euros) e a revista M\u00e9dor (20 euros).<\/p>\n<p>Al\u00e9m destas, participa ainda em duas cooperativas portuguesas. Tem uma quota-parte de 100 euros na Rizoma, estabelecida nos Anjos, em Lisboa, onde tem um espa\u00e7o cultural e uma mercearia comunit\u00e1ria. Jorge Pinto ainda tem uma participa\u00e7\u00e3o de 360 euros na Coop\u00e9rnico, que se define como \u201ca primeira cooperativa portuguesa de energia renov\u00e1vel\u201d.<\/p>\n<p>Muitas das cooperativas em causa oferecem servi\u00e7os iguais a qualquer empresa no mercado, mas permitem aos seus clientes participar em decis\u00f5es executivas, caso fa\u00e7am um investimento financeiro (mesmo que reduzido) nas mesmas. Por outro lado, h\u00e1 cooperativas que exigem uma participa\u00e7\u00e3o ativa dos seus membros. Jorge Pinto confirma ao Observador que, at\u00e9 voltar da B\u00e9lgica, cumpria sempre o turno previsto para os membros da cooperativa Bees de tr\u00eas horas mensais como funcion\u00e1rio do supermercado.<\/p>\n<p> Jorge Pinto tem 10.430 euros em quotas-partes num total de 14 cooperativas \u2014 sociedades coletivas sem fins lucrativos com um modelo de gest\u00e3o mais horizontal. Duas s\u00e3o portuguesas e as restantes belgas.<\/p>\n<p>Al\u00e9m disso, o candidato apoiado pelo Livre tem tamb\u00e9m uma carteira de t\u00edtulos que tinha um valor total de 89.453 euros, em 2023, e evoluiu para um total de 112.327 euros, em 2024. Quando as altera\u00e7\u00f5es no patrim\u00f3nio s\u00e3o inferiores a 50 sal\u00e1rios m\u00ednimos nacionais (41 mil euros, em 2024) os declarantes n\u00e3o s\u00e3o obrigados a justific\u00e1-los \u2014 algo que n\u00e3o se verifica nesse caso<\/p>\n<p>Ap\u00f3s meio ano como deputado, Jorge Pinto completou a declara\u00e7\u00e3o de rendimentos entregue no in\u00edcio do mandato para declarar uma \u00fanica conta banc\u00e1ria \u00e0 ordem com 32.527 euros. A legislatura n\u00e3o seria longa e, menos de um ano depois, entregou uma nova declara\u00e7\u00e3o devido \u00e0 reelei\u00e7\u00e3o como deputado em que a mesma conta tinha 27.753 euros. Jorge Pinto n\u00e3o \u00e9 dono de carros, motas ou barcos e n\u00e3o declarou qualquer passivo nos \u00faltimos dois anos.<\/p>\n","protected":false},"excerpt":{"rendered":"O Observador est\u00e1 a publicar uma s\u00e9rie de trabalhos sobre as declara\u00e7\u00f5es de rendimentos dos candidatos presidenciais Jorge&hellip;\n","protected":false},"author":2,"featured_media":217384,"comment_status":"","ping_status":"","sticky":false,"template":"","format":"standard","meta":{"footnotes":""},"categories":[8],"tags":[27,28,1077,15,16,14,25,26,21,22,12,13,19,20,302,32,1076,23,24,33,17,18,29,30,31],"class_list":{"0":"post-217383","1":"post","2":"type-post","3":"status-publish","4":"format-standard","5":"has-post-thumbnail","7":"category-principais-noticias","8":"tag-breaking-news","9":"tag-breakingnews","10":"tag-eleiu00e7u00f5es","11":"tag-featured-news","12":"tag-featurednews","13":"tag-headlines","14":"tag-latest-news","15":"tag-latestnews","16":"tag-main-news","17":"tag-mainnews","18":"tag-news","19":"tag-noticias","20":"tag-noticias-principais","21":"tag-noticiasprincipais","22":"tag-polu00edtica","23":"tag-portugal","24":"tag-presidenciais-2026","25":"tag-principais-noticias","26":"tag-principaisnoticias","27":"tag-pt","28":"tag-top-stories","29":"tag-topstories","30":"tag-ultimas","31":"tag-ultimas-noticias","32":"tag-ultimasnoticias"},"share_on_mastodon":{"url":"https:\/\/pubeurope.com\/@pt\/115848157805878153","error":""},"_links":{"self":[{"href":"https:\/\/www.europesays.com\/pt\/wp-json\/wp\/v2\/posts\/217383","targetHints":{"allow":["GET"]}}],"collection":[{"href":"https:\/\/www.europesays.com\/pt\/wp-json\/wp\/v2\/posts"}],"about":[{"href":"https:\/\/www.europesays.com\/pt\/wp-json\/wp\/v2\/types\/post"}],"author":[{"embeddable":true,"href":"https:\/\/www.europesays.com\/pt\/wp-json\/wp\/v2\/users\/2"}],"replies":[{"embeddable":true,"href":"https:\/\/www.europesays.com\/pt\/wp-json\/wp\/v2\/comments?post=217383"}],"version-history":[{"count":0,"href":"https:\/\/www.europesays.com\/pt\/wp-json\/wp\/v2\/posts\/217383\/revisions"}],"wp:featuredmedia":[{"embeddable":true,"href":"https:\/\/www.europesays.com\/pt\/wp-json\/wp\/v2\/media\/217384"}],"wp:attachment":[{"href":"https:\/\/www.europesays.com\/pt\/wp-json\/wp\/v2\/media?parent=217383"}],"wp:term":[{"taxonomy":"category","embeddable":true,"href":"https:\/\/www.europesays.com\/pt\/wp-json\/wp\/v2\/categories?post=217383"},{"taxonomy":"post_tag","embeddable":true,"href":"https:\/\/www.europesays.com\/pt\/wp-json\/wp\/v2\/tags?post=217383"}],"curies":[{"name":"wp","href":"https:\/\/api.w.org\/{rel}","templated":true}]}}