{"id":217399,"date":"2026-01-06T12:41:10","date_gmt":"2026-01-06T12:41:10","guid":{"rendered":"https:\/\/www.europesays.com\/pt\/217399\/"},"modified":"2026-01-06T12:41:10","modified_gmt":"2026-01-06T12:41:10","slug":"circulacao-de-comboios-da-fertagus-interrompida-entre-sete-rios-e-roma-areeiro","status":"publish","type":"post","link":"https:\/\/www.europesays.com\/pt\/217399\/","title":{"rendered":"Circula\u00e7\u00e3o de comboios da Fertagus interrompida entre Sete Rios e Roma-Areeiro"},"content":{"rendered":"<p>A circula\u00e7\u00e3o de comboios da Fertagus, que faz a liga\u00e7\u00e3o entre Lisboa e a Margem Sul, estava pelas 08h30 desta ter\u00e7a-feira, 6 de janeiro, interrompida no tro\u00e7o entre Sete Rios e Roma-Areeiro devido a um carril partido.<\/p>\n<p>De acordo com informa\u00e7\u00e3o divulgada na conta da transportadora na rede social Facebook, a circula\u00e7\u00e3o estava interrompida no tro\u00e7o entre Sete Rios e Roma-Areeiro e a decorrer com atrasos nos restantes.<\/p>\n<p>\u201cInformamos que por motivo de carril partido, no tro\u00e7o entre as esta\u00e7\u00f5es de Entrecampos e de Sete Rios, da responsabilidade do gestor da infraestrutura, a circula\u00e7\u00e3o est\u00e1 a decorrer com atrasos significativos e apenas entre Set\u00fabal e Campolide. Entre Sete Rios e Roma-Areeiro a circula\u00e7\u00e3o est\u00e1 interrompida\u201d, indica a empresa.<\/p>\n","protected":false},"excerpt":{"rendered":"A circula\u00e7\u00e3o de comboios da Fertagus, que faz a liga\u00e7\u00e3o entre Lisboa e a Margem Sul, estava pelas&hellip;\n","protected":false},"author":2,"featured_media":217400,"comment_status":"","ping_status":"","sticky":false,"template":"","format":"standard","meta":{"footnotes":""},"categories":[10],"tags":[27,28,42312,2587,15,16,42313,14,25,26,21,22,12,13,19,20,32,23,24,33,17,18,29,30,31],"class_list":{"0":"post-217399","1":"post","2":"type-post","3":"status-publish","4":"format-standard","5":"has-post-thumbnail","7":"category-portugal","8":"tag-breaking-news","9":"tag-breakingnews","10":"tag-circulacao-suspensa","11":"tag-comboio","12":"tag-featured-news","13":"tag-featurednews","14":"tag-fertagus","15":"tag-headlines","16":"tag-latest-news","17":"tag-latestnews","18":"tag-main-news","19":"tag-mainnews","20":"tag-news","21":"tag-noticias","22":"tag-noticias-principais","23":"tag-noticiasprincipais","24":"tag-portugal","25":"tag-principais-noticias","26":"tag-principaisnoticias","27":"tag-pt","28":"tag-top-stories","29":"tag-topstories","30":"tag-ultimas","31":"tag-ultimas-noticias","32":"tag-ultimasnoticias"},"share_on_mastodon":{"url":"https:\/\/pubeurope.com\/@pt\/115848209139739498","error":""},"_links":{"self":[{"href":"https:\/\/www.europesays.com\/pt\/wp-json\/wp\/v2\/posts\/217399","targetHints":{"allow":["GET"]}}],"collection":[{"href":"https:\/\/www.europesays.com\/pt\/wp-json\/wp\/v2\/posts"}],"about":[{"href":"https:\/\/www.europesays.com\/pt\/wp-json\/wp\/v2\/types\/post"}],"author":[{"embeddable":true,"href":"https:\/\/www.europesays.com\/pt\/wp-json\/wp\/v2\/users\/2"}],"replies":[{"embeddable":true,"href":"https:\/\/www.europesays.com\/pt\/wp-json\/wp\/v2\/comments?post=217399"}],"version-history":[{"count":0,"href":"https:\/\/www.europesays.com\/pt\/wp-json\/wp\/v2\/posts\/217399\/revisions"}],"wp:featuredmedia":[{"embeddable":true,"href":"https:\/\/www.europesays.com\/pt\/wp-json\/wp\/v2\/media\/217400"}],"wp:attachment":[{"href":"https:\/\/www.europesays.com\/pt\/wp-json\/wp\/v2\/media?parent=217399"}],"wp:term":[{"taxonomy":"category","embeddable":true,"href":"https:\/\/www.europesays.com\/pt\/wp-json\/wp\/v2\/categories?post=217399"},{"taxonomy":"post_tag","embeddable":true,"href":"https:\/\/www.europesays.com\/pt\/wp-json\/wp\/v2\/tags?post=217399"}],"curies":[{"name":"wp","href":"https:\/\/api.w.org\/{rel}","templated":true}]}}