{"id":217479,"date":"2026-01-06T13:47:08","date_gmt":"2026-01-06T13:47:08","guid":{"rendered":"https:\/\/www.europesays.com\/pt\/217479\/"},"modified":"2026-01-06T13:47:08","modified_gmt":"2026-01-06T13:47:08","slug":"rodado-em-porto-alegre-filme-ato-noturno-estreia-dia-15-de-janeiro","status":"publish","type":"post","link":"https:\/\/www.europesays.com\/pt\/217479\/","title":{"rendered":"Rodado em Porto Alegre, filme \u201cAto Noturno\u201d estreia dia 15 de janeiro"},"content":{"rendered":"<p>O filme \u201cAto Noturno\u201d, thriller er\u00f3tico dirigido pelos ga\u00fachos Filipe Matzembacher e Marcio Reolon, apresenta uma Porto Alegre consolidada como personagem central. Com estreia marcada para 15 de janeiro, no projeto Sess\u00e3o Vitrine Petrobras, o longa retrata uma cidade que molda afetos, sil\u00eancios, conflitos e desejos.<\/p>\n<p>Filmado e ambientado em Porto Alegre, \u201cAto Noturno\u201d constr\u00f3i um contraste entre espa\u00e7os pessoais e \u00edntimos da capital e lugares ic\u00f4nicos da cidade, como o Parque da Reden\u00e7\u00e3o, a avenida Mau\u00e1, o Theatro S\u00e3o Pedro e a Pra\u00e7a da Matriz. Essa composi\u00e7\u00e3o cria uma paisagem que dialoga com a vida dupla dos personagens: homens que transitam entre a rotina p\u00fablica e experi\u00eancias vividas \u00e0 margem da visibilidade social.<\/p>\n<p>Matias (Gabriel Faryas) \u00e9 um ator ambicioso que integra uma companhia teatral em Porto Alegre. Quando surge a not\u00edcia de que uma grande s\u00e9rie de TV ser\u00e1 filmada na cidade, a rivalidade com F\u00e1bio (Henrique Barreira), colega de cena e apartamento, se intensifica: ambos desejam o papel que pode mudar suas trajet\u00f3rias. Fora do palco, Matias se envolve com Rafael, um pol\u00edtico em ascens\u00e3o. O longa estreou no Festival de Berlim e levou tr\u00eas Trof\u00e9us Redentor no Festival do Rio 2025: Melhor Ator ao estreante em longas Gabriel Faryas, Melhor Roteiro a Matzembacher e Reolon e Melhor Fotografia a Luciana Baseggio. A distribui\u00e7\u00e3o \u00e9 da Vitrine Filmes. <\/p>\n","protected":false},"excerpt":{"rendered":"O filme \u201cAto Noturno\u201d, thriller er\u00f3tico dirigido pelos ga\u00fachos Filipe Matzembacher e Marcio Reolon, apresenta uma Porto Alegre&hellip;\n","protected":false},"author":2,"featured_media":217480,"comment_status":"","ping_status":"","sticky":false,"template":"","format":"standard","meta":{"footnotes":""},"categories":[140],"tags":[3428,16540,470,114,115,147,148,146,32,33],"class_list":{"0":"post-217479","1":"post","2":"type-post","3":"status-publish","4":"format-standard","5":"has-post-thumbnail","7":"category-filmes","8":"tag-arte-agenda","9":"tag-ato-noturno","10":"tag-cinema","11":"tag-entertainment","12":"tag-entretenimento","13":"tag-film","14":"tag-filmes","15":"tag-movies","16":"tag-portugal","17":"tag-pt"},"share_on_mastodon":{"url":"https:\/\/pubeurope.com\/@pt\/115848468465825457","error":""},"_links":{"self":[{"href":"https:\/\/www.europesays.com\/pt\/wp-json\/wp\/v2\/posts\/217479","targetHints":{"allow":["GET"]}}],"collection":[{"href":"https:\/\/www.europesays.com\/pt\/wp-json\/wp\/v2\/posts"}],"about":[{"href":"https:\/\/www.europesays.com\/pt\/wp-json\/wp\/v2\/types\/post"}],"author":[{"embeddable":true,"href":"https:\/\/www.europesays.com\/pt\/wp-json\/wp\/v2\/users\/2"}],"replies":[{"embeddable":true,"href":"https:\/\/www.europesays.com\/pt\/wp-json\/wp\/v2\/comments?post=217479"}],"version-history":[{"count":0,"href":"https:\/\/www.europesays.com\/pt\/wp-json\/wp\/v2\/posts\/217479\/revisions"}],"wp:featuredmedia":[{"embeddable":true,"href":"https:\/\/www.europesays.com\/pt\/wp-json\/wp\/v2\/media\/217480"}],"wp:attachment":[{"href":"https:\/\/www.europesays.com\/pt\/wp-json\/wp\/v2\/media?parent=217479"}],"wp:term":[{"taxonomy":"category","embeddable":true,"href":"https:\/\/www.europesays.com\/pt\/wp-json\/wp\/v2\/categories?post=217479"},{"taxonomy":"post_tag","embeddable":true,"href":"https:\/\/www.europesays.com\/pt\/wp-json\/wp\/v2\/tags?post=217479"}],"curies":[{"name":"wp","href":"https:\/\/api.w.org\/{rel}","templated":true}]}}