{"id":217662,"date":"2026-01-06T16:04:07","date_gmt":"2026-01-06T16:04:07","guid":{"rendered":"https:\/\/www.europesays.com\/pt\/217662\/"},"modified":"2026-01-06T16:04:07","modified_gmt":"2026-01-06T16:04:07","slug":"projeto-de-casa-confortavel-com-2-quartos-em-70-metros-quadrados-parece-ter-saido-de-uma-serie-com-o-uso-de-madeira","status":"publish","type":"post","link":"https:\/\/www.europesays.com\/pt\/217662\/","title":{"rendered":"Projeto de casa confortavel, com 2 quartos em 70 metros quadrados, parece ter sa\u00eddo de uma s\u00e9rie com o uso de madeira"},"content":{"rendered":"<p>Viver com qualidade n\u00e3o exige grandes metragens, e esta <strong>casa de campo compacta<\/strong> \u00e9 a prova definitiva de que 70 m\u00b2 s\u00e3o suficientes para o conforto pleno. O projeto aposta em uma planta inteligente que integra a rotina dom\u00e9stica \u00e0 natureza, criando um ref\u00fagio pr\u00e1tico e acolhedor longe da cidade.<\/p>\n<p>Como organizar a planta para garantir privacidade?<\/p>\n<p>O grande trunfo deste design \u00e9 o uso estrat\u00e9gico de um <strong>hall de entrada<\/strong> central. Ele funciona como um divisor de \u00e1guas, separando fisicamente a \u00e1rea social, onde a vida acontece, da \u00e1rea \u00edntima, reservada ao sil\u00eancio e descanso.<\/p>\n<p>Essa setoriza\u00e7\u00e3o evita que o barulho da sala ou da cozinha incomode quem est\u00e1 nos <strong>2 quartos<\/strong>. Al\u00e9m disso, a disposi\u00e7\u00e3o agrupa uma lavanderia funcional e um banheiro espa\u00e7oso na zona \u00edntima, otimizando a hidr\u00e1ulica e a circula\u00e7\u00e3o di\u00e1ria.<\/p>\n<p><img fetchpriority=\"high\" decoding=\"async\" class=\"size-full wp-image-377283\" src=\"data:image\/svg+xml,%3Csvg%20xmlns=\" http:=\"\" alt=\"Projeto de casa de 70 m\u00b2 com dois quartos destaca conforto e uso acolhedor da madeira\" width=\"1024\" height=\"559\" data-lazy- data-lazy- data-lazy-src=\"https:\/\/www.europesays.com\/pt\/wp-content\/uploads\/2026\/01\/imagem_2026-01-06_111842601.png\"\/>Projeto de casa de 70 m\u00b2 com dois quartos destaca conforto e uso acolhedor da madeira<br \/>\nMateriais: o equil\u00edbrio entre aconchego e prote\u00e7\u00e3o<\/p>\n<p>No interior, o uso extensivo de <strong>madeira<\/strong> traz a textura org\u00e2nica necess\u00e1ria para aquecer os ambientes, contrapondo-se ao frio das montanhas ou do campo, fazendo com que a casa pare\u00e7a ter sa\u00eddo de uma s\u00e9rie. Esse material natural conecta visualmente os moradores \u00e0 paisagem externa, ampliando a sensa\u00e7\u00e3o de bem-estar.<\/p>\n<p>Para a fachada, a escolha t\u00e9cnica recaiu sobre o <strong>revestimento met\u00e1lico<\/strong>. Diferente da alvenaria comum, essa \u201ccasca\u201d moderna oferece efici\u00eancia superior no isolamento de umidade e melhora o conforto t\u00e9rmico, protegendo a estrutura contra as intemp\u00e9ries ao longo do ano.<\/p>\n<p>Veja como cada setor da casa foi pensado para maximizar o espa\u00e7o:<\/p>\n<tr>\nSetor da Casa<br \/>\nAmbientes<br \/>\nFun\u00e7\u00e3o Principal<br \/>\n<\/tr>\n<tr>\n<td>\u00c1rea Social<\/td>\n<td>Sala de estar, jantar e cozinha<\/td>\n<td>Conviv\u00eancia voltada para a vista<\/td>\n<\/tr>\n<tr>\n<td>\u00c1rea \u00cdntima<\/td>\n<td>2 Quartos e Banheiro amplo<\/td>\n<td>Privacidade e sil\u00eancio<\/td>\n<\/tr>\n<tr>\n<td>Servi\u00e7o<\/td>\n<td>Lavanderia compacta<\/td>\n<td>Funcionalidade discreta<\/td>\n<\/tr>\n<tr>\n<td>Externo<\/td>\n<td>Varanda integrada<\/td>\n<td>Extens\u00e3o do living ao ar livre<\/td>\n<\/tr>\n<p>No v\u00eddeo a seguir, do canal da <strong>Tropic<\/strong>, com mais de 390 mil seguidores, \u00e9 apresentado esse modelo de casa que pode te surpreender:<\/p>\n<p>A varanda como extens\u00e3o da sala<\/p>\n<p>A arquitetura elimina barreiras visuais ao posicionar a <strong>sala de estar<\/strong>, o jantar e a cozinha voltados diretamente para a varanda. Essa abertura cria uma fus\u00e3o entre o interior e o exterior, fazendo com que a \u00e1rea \u00fatil pare\u00e7a muito maior do que as medidas oficiais indicam.<\/p>\n<p>Essa conex\u00e3o forte com o <strong>espa\u00e7o externo<\/strong> permite que a ventila\u00e7\u00e3o natural circule livremente por toda a \u00e1rea social. \u00c9 um convite permanente para aproveitar a luz do sol e a brisa, caracter\u00edsticas essenciais de uma verdadeira casa de veraneio.<\/p>\n<p>Leia tamb\u00e9m: <a href=\"https:\/\/bmcnews.com.br\/ultimas-noticias\/este-projeto-de-65-metros-quadrados-parece-uma-mansao-tem-lareira-de-pedra-e-ilha-central-para-comecar-2026-com-conforto-e-uma-beleza-de-arrepiar\/\" target=\"_blank\" rel=\"noopener nofollow\">Este projeto de 65 metros quadrados parece uma mans\u00e3o, tem lareira de pedra e ilha central para come\u00e7ar 2026 com conforto e uma beleza de arrepiar<\/a><\/p>\n<p>Destaques de um projeto racional e belo<\/p>\n<ul>\n<li><strong>Efici\u00eancia espacial:<\/strong> A planta de 70 m\u00b2 n\u00e3o desperdi\u00e7a corredores, usando o hall central para distribuir o fluxo entre social e \u00edntimo com maestria.<\/li>\n<li><strong>Durabilidade inteligente:<\/strong> A combina\u00e7\u00e3o de madeira interna com revestimento met\u00e1lico externo garante baixa manuten\u00e7\u00e3o e alta resist\u00eancia clim\u00e1tica.<\/li>\n<li><strong>Vida integrada:<\/strong> A orienta\u00e7\u00e3o das \u00e1reas comuns para a varanda prioriza a vista e o conv\u00edvio, essenciais para a experi\u00eancia de campo.<\/li>\n<\/ul>\n","protected":false},"excerpt":{"rendered":"Viver com qualidade n\u00e3o exige grandes metragens, e esta casa de campo compacta \u00e9 a prova definitiva de&hellip;\n","protected":false},"author":2,"featured_media":217663,"comment_status":"","ping_status":"","sticky":false,"template":"","format":"standard","meta":{"footnotes":""},"categories":[144],"tags":[207,205,206,203,201,202,2019,204,114,115,32,4108,33],"class_list":{"0":"post-217662","1":"post","2":"type-post","3":"status-publish","4":"format-standard","5":"has-post-thumbnail","7":"category-arte-e-design","8":"tag-arte","9":"tag-arte-e-design","10":"tag-artedesign","11":"tag-arts","12":"tag-arts-and-design","13":"tag-artsanddesign","14":"tag-casa","15":"tag-design","16":"tag-entertainment","17":"tag-entretenimento","18":"tag-portugal","19":"tag-projeto","20":"tag-pt"},"share_on_mastodon":{"url":"https:\/\/pubeurope.com\/@pt\/115849007126636474","error":""},"_links":{"self":[{"href":"https:\/\/www.europesays.com\/pt\/wp-json\/wp\/v2\/posts\/217662","targetHints":{"allow":["GET"]}}],"collection":[{"href":"https:\/\/www.europesays.com\/pt\/wp-json\/wp\/v2\/posts"}],"about":[{"href":"https:\/\/www.europesays.com\/pt\/wp-json\/wp\/v2\/types\/post"}],"author":[{"embeddable":true,"href":"https:\/\/www.europesays.com\/pt\/wp-json\/wp\/v2\/users\/2"}],"replies":[{"embeddable":true,"href":"https:\/\/www.europesays.com\/pt\/wp-json\/wp\/v2\/comments?post=217662"}],"version-history":[{"count":0,"href":"https:\/\/www.europesays.com\/pt\/wp-json\/wp\/v2\/posts\/217662\/revisions"}],"wp:featuredmedia":[{"embeddable":true,"href":"https:\/\/www.europesays.com\/pt\/wp-json\/wp\/v2\/media\/217663"}],"wp:attachment":[{"href":"https:\/\/www.europesays.com\/pt\/wp-json\/wp\/v2\/media?parent=217662"}],"wp:term":[{"taxonomy":"category","embeddable":true,"href":"https:\/\/www.europesays.com\/pt\/wp-json\/wp\/v2\/categories?post=217662"},{"taxonomy":"post_tag","embeddable":true,"href":"https:\/\/www.europesays.com\/pt\/wp-json\/wp\/v2\/tags?post=217662"}],"curies":[{"name":"wp","href":"https:\/\/api.w.org\/{rel}","templated":true}]}}