{"id":217687,"date":"2026-01-06T16:23:10","date_gmt":"2026-01-06T16:23:10","guid":{"rendered":"https:\/\/www.europesays.com\/pt\/217687\/"},"modified":"2026-01-06T16:23:10","modified_gmt":"2026-01-06T16:23:10","slug":"thiago-silva-so-conversamos-uma-vez-logo-ai-ficou-selado-o-acordo","status":"publish","type":"post","link":"https:\/\/www.europesays.com\/pt\/217687\/","title":{"rendered":"Thiago Silva: \u00abS\u00f3 convers\u00e1mos uma vez, logo a\u00ed ficou selado o acordo\u00bb"},"content":{"rendered":"<p>Thiago Silva \u00e9 o <a href=\"https:\/\/maisfutebol.iol.pt\/transferencias\/20-12-2025\/oficial-fc-porto-anuncia-thiago-silva-com-ajuda-de-fabrizio-romano\" rel=\"nofollow noopener\" target=\"_blank\">primeiro refor\u00e7o de inverno do FC Porto<\/a>. O central, de 41 anos, abriu o livro sobre este regresso \u00e0 Invicta quase 22 anos depois, onde <a href=\"https:\/\/maisfutebol.iol.pt\/fc-porto\/porto\/thiago-silva-sonha-com-o-titulo-espero-que-o-nivel-se-mantenha\" rel=\"nofollow noopener\" target=\"_blank\">espera conquistar muitos t\u00edtulos.<\/a>\u00a0<\/p>\n<p>O Internacional brasileiro vestiu apenas as cores da equipa B. Aponta, assim, a finalmente a uma estreia pela equipa principal. \u00abA primeira passagem n\u00e3o tive a oportunidade de vestir a camisola da equipa principal e de disputar a Liga, mas estou muito feliz e muito motivado por este meu regresso\u00bb, come\u00e7ou por referir numa entrevista aos meios de comunica\u00e7\u00e3o do clube.\u00a0<\/p>\n<p>Silva n\u00e3o deixou de fazer refer\u00eancia a Jorge Costa, figura do clube que<a href=\"https:\/\/maisfutebol.iol.pt\/futebol\/jorge-costa\/fc-porto-morreu-jorge-costa\" rel=\"nofollow noopener\" target=\"_blank\"> faleceu em 2025<\/a>. \u00abEle tinha uma imagem muito forte. Diz\u00edamos Jorge Costa e pens\u00e1vamos no FC Porto e vice-versa. Era algu\u00e9m que admir\u00e1vamos\u00bb, atirou.\u00a0<\/p>\n<p>A defesa do FC Porto tem sido bastante coesa, principalmente no que toca \u00e0 dupla de centrais. Ciente disso, Thiago Silva garantiu que vem para \u00abacrescentar\u00bb.\u00a0<\/p>\n<p>\u00abEu venho para tentar acrescentar algo aos jogadores que aqui est\u00e3o a fazer uma temporada mais do que incr\u00edvel. Se n\u00e3o me engano, \u00e9 a equipa com mais pontos somados na primeira volta na hist\u00f3ria do futebol portugu\u00eas\u00bb.\u00a0<\/p>\n<p>O brasileiro tem um dos mais recheados curr\u00edculos a n\u00edvel europeu. No entanto, falta um trof\u00e9u: Liga Europa. Em tom de brincadeira, Thiago olhou tamb\u00e9m para a estreia nesta competi\u00e7\u00e3o.\u00a0<\/p>\n<p>\u00abAs pessoas dizem-me sempre que nunca ganhei a Liga Europa. Isso acontece porque eu nunca joguei a competi\u00e7\u00e3o. Este ano tenho essa oportunidade\u00bb, referiu.\u00a0<\/p>\n<p>O central foi ainda questionado sobre o valor relativamente a uma dupla Pepe-Thiago Silva enquanto jovens. Algo que, para o jogador, claramente n\u00e3o seria barato. \u00abN\u00e3o consigo dizer, mas com certeza que n\u00e3o seria pouco [o valor]. O Pepe fez uma carreira linda. Fico feliz por ter jogado contra ele, porque \u00e9 um jogador de alto n\u00edvel\u00bb.<\/p>\n<p>Com 41 anos, o defesa garantiu que a idade n\u00e3o \u00e9 um \u00abproblema\u00bb. O ex-Fluminense assumiu que \u00e9 \u00abobcecado\u00bb pela recupera\u00e7\u00e3o, a todos os n\u00edveis. \u00abFa\u00e7o tudo o que \u00e9 poss\u00edvel em termos de recupera\u00e7\u00e3o, de alimenta\u00e7\u00e3o, de sono. Tornei-me mais obcecado com estes aspetos da recupera\u00e7\u00e3o. Antes de o jogo come\u00e7ar, j\u00e1 estou a pensar como vai ser a minha recupera\u00e7\u00e3o no fim\u00bb, confessou.\u00a0<\/p>\n<p>Thiago recordou como foi o processo da negocia\u00e7\u00e3o. Que, segundo conta, foi bastante f\u00e1cil. Uma chamada, e uma carta \u00e0 mistura, chegou para convencer e at\u00e9 emocionar o jogador.\u00a0<\/p>\n<p>\u00abS\u00f3 convers\u00e1mos uma vez. Eu conversei uma vez, por videochamada, com ele e com o mister. Logo a\u00ed ficou selado o acordo. Claro que houve outras coisas envolvidas que demoraram um pouco mais. Enviaram-me uma camisola para o Rio de Janeiro e o presidente mandou uma carta linda que me emocionou muito. A\u00ed foi a confirma\u00e7\u00e3o de tudo o que eu iria viver. S\u00f3 posso deixar o meu agradecimento a ele e ao mister tamb\u00e9m\u00bb, concluiu.\u00a0<\/p>\n<p><strong>Veja a entrevista completa aqui:<\/strong><\/p>\n","protected":false},"excerpt":{"rendered":"Thiago Silva \u00e9 o primeiro refor\u00e7o de inverno do FC Porto. O central, de 41 anos, abriu o&hellip;\n","protected":false},"author":2,"featured_media":217688,"comment_status":"","ping_status":"","sticky":false,"template":"","format":"standard","meta":{"footnotes":""},"categories":[87],"tags":[3073,135,282,1011,36,46,40,42,41,32,33,47,134,39129,35],"class_list":{"0":"post-217687","1":"post","2":"type-post","3":"status-publish","4":"format-standard","5":"has-post-thumbnail","7":"category-desporto","8":"tag-andre-villas-boas","9":"tag-desporto","10":"tag-fc-porto","11":"tag-francesco-farioli","12":"tag-liga","13":"tag-maisfutebol","14":"tag-maistransferencias","15":"tag-mercado","16":"tag-mercado-de-transferencias","17":"tag-portugal","18":"tag-pt","19":"tag-pura-paixao","20":"tag-sports","21":"tag-thiago-silva","22":"tag-transferencias"},"share_on_mastodon":{"url":"https:\/\/pubeurope.com\/@pt\/115849081873918179","error":""},"_links":{"self":[{"href":"https:\/\/www.europesays.com\/pt\/wp-json\/wp\/v2\/posts\/217687","targetHints":{"allow":["GET"]}}],"collection":[{"href":"https:\/\/www.europesays.com\/pt\/wp-json\/wp\/v2\/posts"}],"about":[{"href":"https:\/\/www.europesays.com\/pt\/wp-json\/wp\/v2\/types\/post"}],"author":[{"embeddable":true,"href":"https:\/\/www.europesays.com\/pt\/wp-json\/wp\/v2\/users\/2"}],"replies":[{"embeddable":true,"href":"https:\/\/www.europesays.com\/pt\/wp-json\/wp\/v2\/comments?post=217687"}],"version-history":[{"count":0,"href":"https:\/\/www.europesays.com\/pt\/wp-json\/wp\/v2\/posts\/217687\/revisions"}],"wp:featuredmedia":[{"embeddable":true,"href":"https:\/\/www.europesays.com\/pt\/wp-json\/wp\/v2\/media\/217688"}],"wp:attachment":[{"href":"https:\/\/www.europesays.com\/pt\/wp-json\/wp\/v2\/media?parent=217687"}],"wp:term":[{"taxonomy":"category","embeddable":true,"href":"https:\/\/www.europesays.com\/pt\/wp-json\/wp\/v2\/categories?post=217687"},{"taxonomy":"post_tag","embeddable":true,"href":"https:\/\/www.europesays.com\/pt\/wp-json\/wp\/v2\/tags?post=217687"}],"curies":[{"name":"wp","href":"https:\/\/api.w.org\/{rel}","templated":true}]}}