{"id":217726,"date":"2026-01-06T16:50:06","date_gmt":"2026-01-06T16:50:06","guid":{"rendered":"https:\/\/www.europesays.com\/pt\/217726\/"},"modified":"2026-01-06T16:50:06","modified_gmt":"2026-01-06T16:50:06","slug":"documentario-a-caixa-preta-da-lava-jato-estreia-em-13-de-janeiro","status":"publish","type":"post","link":"https:\/\/www.europesays.com\/pt\/217726\/","title":{"rendered":"Document\u00e1rio A Caixa-Preta da Lava Jato estreia em 13 de janeiro"},"content":{"rendered":"<p>O canal TV GGN estreia no dia 13 de janeiro, \u00e0s 21 horas, com transmiss\u00e3o ao vivo no Youtube, o document\u00e1rio <strong>\u201cA caixa-preta da Lava Jato\u201d<\/strong>, que revela crimes ocultos praticados pela extinta for\u00e7a-tarefa de Curitiba. A obra tamb\u00e9m narra resultados do pente-fino passado na 13\u00aa Vara Federal, antes sob comando de S\u00e9rgio Moro.\u00a0<\/p>\n<p>\n\t\t\t\t\tSiga o Jornal GGN no Google e receba as principais not\u00edcias do Brasil e do Mundo\t\t\t\t<\/p>\n<p>\t\t<a class=\"elementor-element elementor-element-9c852c7 e-con-full e-flex e-con e-child\" data-id=\"9c852c7\" data-element_type=\"container\" data-settings=\"{&quot;background_background&quot;:&quot;classic&quot;}\" href=\"https:\/\/news.google.com\/publications\/CAAqLAgKIiZDQklTRmdnTWFoSUtFR3B2Y201aGJHZG5iaTVqYjIwdVluSW9BQVAB?ceid=BR:pt-419&amp;oc=3\" target=\"_blank\" rel=\"nofollow noopener\"><\/p>\n<p>\n\t\t\t\t\tSeguir no Google\t\t\t\t<\/p>\n<p>\t\t\t\t<\/a><\/p>\n<p>O lan\u00e7amento ser\u00e1 precedido de uma live especial no dia 13 de janeiro, a partir das 20 horas, comandada por Lu\u00eds Nassif, que vai reunir convidados ilustres para debater a produ\u00e7\u00e3o. Inscreva-se gratuitamente no canal TV GGN clicando <a href=\"https:\/\/www.youtube.com\/@TVGGN\" rel=\"nofollow noopener\" target=\"_blank\">aqui<\/a>, e ative as notifica\u00e7\u00f5es para n\u00e3o perder a estreia.<\/p>\n<p>O document\u00e1rio mostra que a Lava Jato lan\u00e7ou m\u00e3o de expedientes heterodoxos que ainda n\u00e3o foram investigados nem punidos, como o uso de toneladas de grampos ilegais e a manipula\u00e7\u00e3o e at\u00e9 oculta\u00e7\u00e3o de a\u00e7\u00f5es penais. Tudo para garantir que as decis\u00f5es importantes ficassem sempre concentradas nas m\u00e3os de lava-jatistas natos, sem chances de que outros ju\u00edzes ou autoridades federais pudessem revisar ou rebater os atos da Rep\u00fablica de Curitiba.<\/p>\n<p>O v\u00eddeo deixar\u00e1 registrado para a hist\u00f3ria, em pouco mais de 50 minutos de narrativa, o lado obscuro da Lava Jato: uma megaopera\u00e7\u00e3o que transbordou o combate aos crimes de colarinho branco e se transformou num instrumento para a obten\u00e7\u00e3o de vantagens indevidas. Por dinheiro e poder.<\/p>\n<p>A produ\u00e7\u00e3o conta com as entrevistas do ministro do Supremo Tribunal Federal Gilmar Mendes, da ex-procuradora-geral da Rep\u00fablica Raquel Dodge, do jurista Pedro Serrano, do advogado Rodrigo Tacla Duran, do jornalista Lu\u00eds Costa Pinto, da advogada Luciana Bauer e do juiz federal Eduardo Appio.<\/p>\n<p>A obra foi financiada com apoio do Museu da Lava Jato, do Coletivo Transforma MP e de mais de mil pessoas que participaram da campanha de arrecada\u00e7\u00e3o via PIX ou Catarse. Para todas elas, como forma de agradecimento, o GGN vai liberar, posterior ao lan\u00e7amento do document\u00e1rio, a \u00edntegra das entrevistas realizadas ao longo da produ\u00e7\u00e3o.<\/p>\n<p>Este \u00e9 o quarto document\u00e1rio sobre a Lava Jato lan\u00e7ado pelo GGN no Youtube. Confira os demais trabalhos:<\/p>\n<p>Confira tamb\u00e9m outros t\u00edtulos:<\/p>\n","protected":false},"excerpt":{"rendered":"O canal TV GGN estreia no dia 13 de janeiro, \u00e0s 21 horas, com transmiss\u00e3o ao vivo no&hellip;\n","protected":false},"author":2,"featured_media":217727,"comment_status":"","ping_status":"","sticky":false,"template":"","format":"standard","meta":{"footnotes":""},"categories":[140],"tags":[114,115,147,148,146,32,33],"class_list":{"0":"post-217726","1":"post","2":"type-post","3":"status-publish","4":"format-standard","5":"has-post-thumbnail","7":"category-filmes","8":"tag-entertainment","9":"tag-entretenimento","10":"tag-film","11":"tag-filmes","12":"tag-movies","13":"tag-portugal","14":"tag-pt"},"share_on_mastodon":{"url":"https:\/\/pubeurope.com\/@pt\/115849188092162782","error":""},"_links":{"self":[{"href":"https:\/\/www.europesays.com\/pt\/wp-json\/wp\/v2\/posts\/217726","targetHints":{"allow":["GET"]}}],"collection":[{"href":"https:\/\/www.europesays.com\/pt\/wp-json\/wp\/v2\/posts"}],"about":[{"href":"https:\/\/www.europesays.com\/pt\/wp-json\/wp\/v2\/types\/post"}],"author":[{"embeddable":true,"href":"https:\/\/www.europesays.com\/pt\/wp-json\/wp\/v2\/users\/2"}],"replies":[{"embeddable":true,"href":"https:\/\/www.europesays.com\/pt\/wp-json\/wp\/v2\/comments?post=217726"}],"version-history":[{"count":0,"href":"https:\/\/www.europesays.com\/pt\/wp-json\/wp\/v2\/posts\/217726\/revisions"}],"wp:featuredmedia":[{"embeddable":true,"href":"https:\/\/www.europesays.com\/pt\/wp-json\/wp\/v2\/media\/217727"}],"wp:attachment":[{"href":"https:\/\/www.europesays.com\/pt\/wp-json\/wp\/v2\/media?parent=217726"}],"wp:term":[{"taxonomy":"category","embeddable":true,"href":"https:\/\/www.europesays.com\/pt\/wp-json\/wp\/v2\/categories?post=217726"},{"taxonomy":"post_tag","embeddable":true,"href":"https:\/\/www.europesays.com\/pt\/wp-json\/wp\/v2\/tags?post=217726"}],"curies":[{"name":"wp","href":"https:\/\/api.w.org\/{rel}","templated":true}]}}