{"id":217743,"date":"2026-01-06T17:05:13","date_gmt":"2026-01-06T17:05:13","guid":{"rendered":"https:\/\/www.europesays.com\/pt\/217743\/"},"modified":"2026-01-06T17:05:13","modified_gmt":"2026-01-06T17:05:13","slug":"benfica-tenta-reduzir-exigencias-por-andre-luiz-mas-rio-ave-insiste-nos-15-milhoes","status":"publish","type":"post","link":"https:\/\/www.europesays.com\/pt\/217743\/","title":{"rendered":"Benfica tenta reduzir exig\u00eancias por Andr\u00e9 Luiz, mas Rio Ave insiste nos 15 milh\u00f5es"},"content":{"rendered":"<p>O Benfica tem encontrado bastante dificuldades para garantir a contrata\u00e7\u00e3o de Andr\u00e9 Luiz e, segundo apurou o <strong>Maisfutebol<\/strong>, at\u00e9 agora n\u00e3o se aproximou dos 15 milh\u00f5es de euros exigidos pelo Rio Ave.<\/p>\n<p>Apesar de ter conversa\u00e7\u00f5es positivas com o extremo brasileiro, a SAD encarnada, por enquanto, insiste numa composi\u00e7\u00e3o financeira que, entre valor fixo e vari\u00e1veis, ainda n\u00e3o atinge as exig\u00eancias do vilacondenses.<\/p>\n<p>O que se fala internamente \u00e9 que o Rio Ave est\u00e1 ciente da urg\u00eancia das \u00e1guias e, por isso, tem esticado ao m\u00e1ximo a corda. Al\u00e9m disso, negociar com o investidor grego Evangelos Marinakis, dono da SAD, \u00e9 sempre um grande desafio e muitas vezes imprevis\u00edvel.<\/p>\n<p>Jos\u00e9 Mourinho quer, na verdade, a aquisi\u00e7\u00e3o de dois extremos para o Benfica, sendo um para cada ala. Tamb\u00e9m na mira dos franceses do Marselha, Andr\u00e9 Luiz \u00e9 visto como o nome ideal para o lado direito.<\/p>\n<p>Para o lado esquerdo, os encarnados insistem no tamb\u00e9m brasileiro Wesley, do Al Nassr. As negocia\u00e7\u00f5es com os sauditas est\u00e3o bem encaminhadas, mas ainda existem dois pontos fundamentais que separam a concretiza\u00e7\u00e3o do acordo.<\/p>\n<p>Para libertar o brasileiro para o Benfica agora em janeiro, Jorge Jesus quer o regresso de Sadio Man\u00e9, que est\u00e1 CAN com sele\u00e7\u00e3o de Senegal, e tamb\u00e9m a contrata\u00e7\u00e3o de um jovem central n\u00e3o saudita para automaticamente assumir a vaga em aberto de estrangeiro sub-21.<\/p>\n","protected":false},"excerpt":{"rendered":"O Benfica tem encontrado bastante dificuldades para garantir a contrata\u00e7\u00e3o de Andr\u00e9 Luiz e, segundo apurou o Maisfutebol,&hellip;\n","protected":false},"author":2,"featured_media":217744,"comment_status":"","ping_status":"","sticky":false,"template":"","format":"standard","meta":{"footnotes":""},"categories":[87],"tags":[40480,51,135,36,46,40,42,41,32,33,47,40402,9819,134,35],"class_list":{"0":"post-217743","1":"post","2":"type-post","3":"status-publish","4":"format-standard","5":"has-post-thumbnail","7":"category-desporto","8":"tag-andre-luiz","9":"tag-benfica","10":"tag-desporto","11":"tag-liga","12":"tag-maisfutebol","13":"tag-maistransferencias","14":"tag-mercado","15":"tag-mercado-de-transferencias","16":"tag-portugal","17":"tag-pt","18":"tag-pura-paixao","19":"tag-reforco-benfica","20":"tag-rio-ave","21":"tag-sports","22":"tag-transferencias"},"share_on_mastodon":{"url":"https:\/\/pubeurope.com\/@pt\/115849247021775077","error":""},"_links":{"self":[{"href":"https:\/\/www.europesays.com\/pt\/wp-json\/wp\/v2\/posts\/217743","targetHints":{"allow":["GET"]}}],"collection":[{"href":"https:\/\/www.europesays.com\/pt\/wp-json\/wp\/v2\/posts"}],"about":[{"href":"https:\/\/www.europesays.com\/pt\/wp-json\/wp\/v2\/types\/post"}],"author":[{"embeddable":true,"href":"https:\/\/www.europesays.com\/pt\/wp-json\/wp\/v2\/users\/2"}],"replies":[{"embeddable":true,"href":"https:\/\/www.europesays.com\/pt\/wp-json\/wp\/v2\/comments?post=217743"}],"version-history":[{"count":0,"href":"https:\/\/www.europesays.com\/pt\/wp-json\/wp\/v2\/posts\/217743\/revisions"}],"wp:featuredmedia":[{"embeddable":true,"href":"https:\/\/www.europesays.com\/pt\/wp-json\/wp\/v2\/media\/217744"}],"wp:attachment":[{"href":"https:\/\/www.europesays.com\/pt\/wp-json\/wp\/v2\/media?parent=217743"}],"wp:term":[{"taxonomy":"category","embeddable":true,"href":"https:\/\/www.europesays.com\/pt\/wp-json\/wp\/v2\/categories?post=217743"},{"taxonomy":"post_tag","embeddable":true,"href":"https:\/\/www.europesays.com\/pt\/wp-json\/wp\/v2\/tags?post=217743"}],"curies":[{"name":"wp","href":"https:\/\/api.w.org\/{rel}","templated":true}]}}