{"id":217766,"date":"2026-01-06T17:26:22","date_gmt":"2026-01-06T17:26:22","guid":{"rendered":"https:\/\/www.europesays.com\/pt\/217766\/"},"modified":"2026-01-06T17:26:22","modified_gmt":"2026-01-06T17:26:22","slug":"julgamento-adiado-para-13-de-janeiro-apos-recusa-juiza-nomeia-outra-advogada-oficiosa-para-defender-socrates","status":"publish","type":"post","link":"https:\/\/www.europesays.com\/pt\/217766\/","title":{"rendered":"Julgamento adiado para 13 de janeiro. Ap\u00f3s recusa, ju\u00edza nomeia outra advogada oficiosa para defender S\u00f3crates"},"content":{"rendered":"<p>A retoma do julgamento da Opera\u00e7\u00e3o Marqu\u00eas, previsto para esta ter\u00e7a-feira, 6 de janeiro, foi adiado para o pr\u00f3ximo dia 13 devido a mais um incidente relacionado com a doen\u00e7a do advogado de Jos\u00e9 S\u00f3crates, que obrigou \u00e0 nomea\u00e7\u00e3o de uma defensora oficiosa, que por ser militante do Chega e bastante cr\u00edtica do antigo primeiro-ministro recusou, tendo depois sido nomeada uma outra defensora, que tamb\u00e9m n\u00e3o queria o caso por escassez de tempo, mas que a ju\u00edza acabou por manter.<\/p>\n<p>Susana Seca, presidente do coletivo de ju\u00edzes no caso Opera\u00e7\u00e3o Marqu\u00eas, decidiu convocar a advogada oficiosa In\u00eas Louro para defender S\u00f3crates por impossibilidade do advogado Jos\u00e9 Preto, que se encontra internado no Hospital de Santa Maria devido a uma pneumonia desde o dia 27 de dezembro, conforme comprovativo entregue no tribunal.<\/p>\n<p>A possibilidade de novo adiamento do julgamento ficou logo em cima da mesa e acabou por ser confirmada, estando agora previsto ser retomado dentro de uma semana, a 13 de janeiro. No entanto, n\u00e3o ser\u00e1 In\u00eas Louro a defender S\u00f3crates porque invocou &#8220;obje\u00e7\u00e3o de consci\u00eancia&#8221; por ter sido eleita vereadora do partido Chega na C\u00e2mara Municipal da Azambuja. <\/p>\n<p>Conforme disse \u00e0 entrada do Campus de Justi\u00e7a, tem ser &#8220;politicamente bastante cr\u00edtica&#8221; deste processo. &#8220;J\u00e1 me pronunciei de forma muito cr\u00edtica sobre Jos\u00e9 S\u00f3crates e por isso renunciei, por obje\u00e7\u00e3o de consci\u00eancia&#8221;, argumentou na altura.<\/p>\n<p>A ju\u00edza Susana Seca foi sens\u00edvel a estes argumentos e convocou uma segunda advogada oficiosa, Ana Velho, que inicialmente tamb\u00e9m pediu dispensa por falta de tempo de se inteirar de um processo t\u00e3o extenso e complexo como \u00e9 este da Opera\u00e7\u00e3o Marqu\u00eas, mas depois foi mesmo mantida no cargo pelo tribunal com o pressuposto de, ap\u00f3s os cinco dias que ter\u00e1 para ter acesso ao processo, se entender que n\u00e3o tem condi\u00e7\u00f5es para defender o antigo primeiro-ministro poder\u00e1 pedir a ren\u00fancia.<\/p>\n<p>O requerimento de Jos\u00e9 Preto ao tribunal diz que n\u00e3o h\u00e1 previs\u00e3o de quando possa ter alta hospitalar e que, mesmo quando tal acontecer, poder\u00e1 n\u00e3o estar ainda em condi\u00e7\u00f5es de sa\u00fade para reassumir as fun\u00e7\u00f5es profissionais. O advogado n\u00e3o delegou, no documento, a representa\u00e7\u00e3o de Jos\u00e9 S\u00f3crates, da\u00ed a decis\u00e3o da ju\u00edza em convocar a advogada oficiosa.<\/p>\n<p>O julgamento da Opera\u00e7\u00e3o Marqu\u00eas est\u00e1 interrompido desde 11 de novembro, na sequ\u00eancia de um confronto entre a ju\u00edza Susana Seca e Pedro Delille, que na altura pediu escusa e deixou de ser advogado de Jos\u00e9 S\u00f3crates, tendo-se seguido a nomea\u00e7\u00e3o do advogado oficioso Jos\u00e9 Manuel Santos, que o antigo primeiro-ministro recusou e nomeou posteriormente Jos\u00e9 Preto como seu defensor.<\/p>\n","protected":false},"excerpt":{"rendered":"A retoma do julgamento da Opera\u00e7\u00e3o Marqu\u00eas, previsto para esta ter\u00e7a-feira, 6 de janeiro, foi adiado para o&hellip;\n","protected":false},"author":2,"featured_media":217767,"comment_status":"","ping_status":"","sticky":false,"template":"","format":"standard","meta":{"footnotes":""},"categories":[8],"tags":[27,28,15,16,14,16189,603,25,26,21,22,12,13,19,20,16190,32,23,24,33,17,18,29,30,31],"class_list":{"0":"post-217766","1":"post","2":"type-post","3":"status-publish","4":"format-standard","5":"has-post-thumbnail","7":"category-principais-noticias","8":"tag-breaking-news","9":"tag-breakingnews","10":"tag-featured-news","11":"tag-featurednews","12":"tag-headlines","13":"tag-jose-socrates","14":"tag-justica","15":"tag-latest-news","16":"tag-latestnews","17":"tag-main-news","18":"tag-mainnews","19":"tag-news","20":"tag-noticias","21":"tag-noticias-principais","22":"tag-noticiasprincipais","23":"tag-operacao-marques","24":"tag-portugal","25":"tag-principais-noticias","26":"tag-principaisnoticias","27":"tag-pt","28":"tag-top-stories","29":"tag-topstories","30":"tag-ultimas","31":"tag-ultimas-noticias","32":"tag-ultimasnoticias"},"share_on_mastodon":{"url":"https:\/\/pubeurope.com\/@pt\/115849329687585809","error":""},"_links":{"self":[{"href":"https:\/\/www.europesays.com\/pt\/wp-json\/wp\/v2\/posts\/217766","targetHints":{"allow":["GET"]}}],"collection":[{"href":"https:\/\/www.europesays.com\/pt\/wp-json\/wp\/v2\/posts"}],"about":[{"href":"https:\/\/www.europesays.com\/pt\/wp-json\/wp\/v2\/types\/post"}],"author":[{"embeddable":true,"href":"https:\/\/www.europesays.com\/pt\/wp-json\/wp\/v2\/users\/2"}],"replies":[{"embeddable":true,"href":"https:\/\/www.europesays.com\/pt\/wp-json\/wp\/v2\/comments?post=217766"}],"version-history":[{"count":0,"href":"https:\/\/www.europesays.com\/pt\/wp-json\/wp\/v2\/posts\/217766\/revisions"}],"wp:featuredmedia":[{"embeddable":true,"href":"https:\/\/www.europesays.com\/pt\/wp-json\/wp\/v2\/media\/217767"}],"wp:attachment":[{"href":"https:\/\/www.europesays.com\/pt\/wp-json\/wp\/v2\/media?parent=217766"}],"wp:term":[{"taxonomy":"category","embeddable":true,"href":"https:\/\/www.europesays.com\/pt\/wp-json\/wp\/v2\/categories?post=217766"},{"taxonomy":"post_tag","embeddable":true,"href":"https:\/\/www.europesays.com\/pt\/wp-json\/wp\/v2\/tags?post=217766"}],"curies":[{"name":"wp","href":"https:\/\/api.w.org\/{rel}","templated":true}]}}