{"id":217790,"date":"2026-01-06T17:48:07","date_gmt":"2026-01-06T17:48:07","guid":{"rendered":"https:\/\/www.europesays.com\/pt\/217790\/"},"modified":"2026-01-06T17:48:07","modified_gmt":"2026-01-06T17:48:07","slug":"santos-inicia-o-1o-mapeamento-da-dengue-de-2026","status":"publish","type":"post","link":"https:\/\/www.europesays.com\/pt\/217790\/","title":{"rendered":"Santos inicia o 1\u00ba mapeamento da dengue de 2026"},"content":{"rendered":"<p>A dengue em Santos acende o alerta logo no come\u00e7o de 2026. Nesta semana, come\u00e7ou o primeiro mapeamento do ano para identificar focos do mosquito Aedes aegypti nos bairros da cidade.<\/p>\n<p class=\"has-text-align-center\"><img loading=\"lazy\" data-od-removed-fetchpriority=\"high\" data-od-replaced- data-od-xpath=\"\/HTML\/BODY\/SECTION[@id='single']\/*[1][self::DIV]\/*[3][self::DIV]\/*[1][self::DIV]\/*[5][self::P]\/*[1][self::IMG]\" data-dominant-color=\"8c938c\" data-has-transparency=\"false\" style=\"--dominant-color: #8c938c;\" decoding=\"async\" class=\"alignnone wp-image-187757 size-full not-transparent\" src=\"https:\/\/www.juicysantos.com.br\/wp-content\/uploads\/2026\/01\/mapeamento-da-dengue-de-2026-png.avif\" alt=\"\" width=\"1200\" height=\"800\"  \/><br \/>Foto: Raimundo Rosa<\/p>\n<p>A a\u00e7\u00e3o do Centro de Controle de Zoonoses e Vetor (CCZV) vai vistoriar cerca de 600 im\u00f3veis at\u00e9 20 de janeiro. Al\u00e9m disso, a iniciativa toca diretamente na vida dos moradores, afinal, as arboviroses transmitidas pelo mosquito n\u00e3o escolhem idade, bairro ou esta\u00e7\u00e3o do ano.<\/p>\n<p><b>Por que mapear o Aedes aegypti agora?<\/b><\/p>\n<p>O controle do <a href=\"https:\/\/www.juicysantos.com.br\/viver-bem-na-baixada\/chuvas-de-verao-na-baixada-santista-alertam-para-a-dengue\/\" target=\"_blank\" rel=\"noreferrer noopener nofollow\">mosquito transmissor da dengue<\/a> preocupa n\u00e3o s\u00f3 Santos, mas todo o litoral paulista. Com as mudan\u00e7as clim\u00e1ticas, aumento de chuvas e grande movimento de turistas, os casos de dengue, zika e chikungunya t\u00eam crescido na Baixada Santista.<\/p>\n<p>Segundo o<a href=\"https:\/\/www.gov.br\/saude\" target=\"_blank\" rel=\"noreferrer noopener nofollow\"> Minist\u00e9rio da Sa\u00fade<\/a>, a regi\u00e3o Sudeste registra altas nos n\u00fameros, principalmente em \u00e1reas urbanas pr\u00f3ximas \u00e0 orla. Consequentemente, cidades como Santos enfrentam desafios ainda maiores.<\/p>\n<p><b>Como o mosquito se prolifera na cidade<\/b>?<\/p>\n<p>O Aedes aegypti aproveita ambientes urbanos para se multiplicar rapidamente. Ali\u00e1s, basta um recipiente com \u00e1gua parada para virar criadouro. Em cidades tur\u00edsticas, o problema se agrava: o fluxo intenso de pessoas e a rotatividade de im\u00f3veis \u2014 como apartamentos de temporada \u2014 exigem vigil\u00e2ncia constante.<\/p>\n<p>Por isso, o mapeamento que come\u00e7ou agora em 2026 foca em diferentes tipos de locais: resid\u00eancias, condom\u00ednios, pontos comerciais, hot\u00e9is, escolas e at\u00e9 cemit\u00e9rios. Todos esses lugares apresentam risco de ac\u00famulo de \u00e1gua.<\/p>\n<p><b>Gonzaga lidera preocupa\u00e7\u00f5es no combate \u00e0 dengue<\/b><\/p>\n<p>O mapeamento come\u00e7ou pelo Gonzaga, bairro que apareceu como o mais afetado na \u00faltima avalia\u00e7\u00e3o. Por ser uma \u00e1rea movimentada, cheia de turistas e pr\u00e9dios, o cuidado precisa ser redobrado.<\/p>\n<p><b>\u00cdndice de Breteau<\/b><\/p>\n<p>Ao fim do mapeamento, ser\u00e1 calculado o \u00cdndice de Breteau (IB), que mede a rela\u00e7\u00e3o entre im\u00f3veis inspecionados e presen\u00e7a de larvas do mosquito. O Minist\u00e9rio da Sa\u00fade recomenda IB igual ou inferior a 1.<\/p>\n<p>Quando fica entre 1 e 3,9, acende o sinal de alerta. Acima disso, h\u00e1 risco real de surto. Em janeiro de 2025, Santos registrou IB de 3,4 \u2014 portanto, j\u00e1 estava em estado de alerta. No ano passado, foram eliminados quase dois mil focos e notificados mais de 4 mil casos, com cinco mortes.<\/p>\n<p><b>Como funcionam as a\u00e7\u00f5es de preven\u00e7\u00e3o<\/b><\/p>\n<p>O combate ao mosquito da dengue em Santos inclui visita\u00e7\u00e3o rotineira aos im\u00f3veis, mutir\u00f5es semanais e inspe\u00e7\u00e3o em locais de maior circula\u00e7\u00e3o. Al\u00e9m disso, a cidade monitora 481 armadilhas espalhadas pelos bairros e utiliza drones para fiscalizar \u00e1reas de dif\u00edcil acesso.<\/p>\n<p>Paralelamente, as equipes realizam atividades educativas. Haver\u00e1 estandes no Orquid\u00e1rio, feiras livres e na rodovi\u00e1ria. Nesses pontos, moradores podem tirar d\u00favidas sobre preven\u00e7\u00e3o e denunciar poss\u00edveis focos. <\/p>\n<p><b>Como voc\u00ea pode ajudar no controle do Aedes<\/b><\/p>\n<p>A colabora\u00e7\u00e3o dos moradores faz toda diferen\u00e7a. Pequenas atitudes di\u00e1rias ajudam a prevenir a prolifera\u00e7\u00e3o do vetor da dengue:<\/p>\n<ul class=\"wp-block-list\">\n<li>Tampar ralos e caixas d\u2019\u00e1gua<\/li>\n<li>Limpar bandejas de geladeira<\/li>\n<li>Eliminar \u00e1gua parada em vasos e pneus<\/li>\n<li>Receber os agentes para vistoria<\/li>\n<\/ul>\n<p>Vale lembrar que, no ano passado, quase 3 mil im\u00f3veis negaram acesso \u00e0s equipes. Portanto, abrir a porta para os profissionais \u00e9 um ato de cidadania e sa\u00fade coletiva.<\/p>\n<p><b>Vacina\u00e7\u00e3o continua dispon\u00edvel<\/b><\/p>\n<p>Outro ponto importante: Santos segue vacinando crian\u00e7as e jovens entre 10 e 14 anos com as duas doses necess\u00e1rias contra a dengue. O intervalo entre as doses \u00e9 de tr\u00eas meses. Dessa maneira, a cidade trabalha na preven\u00e7\u00e3o por meio da imuniza\u00e7\u00e3o e do controle ambiental.<\/p>\n<p><b>Servi\u00e7o: onde buscar informa\u00e7\u00f5es<\/b><\/p>\n<p><b>Mapeamento:<\/b> at\u00e9 20 de janeiro nos bairros de Santos<\/p>\n<p><b>A\u00e7\u00f5es educativas:<\/b><\/p>\n<ul class=\"wp-block-list\">\n<li>Ter\u00e7a (6\/01), 9h: Orquid\u00e1rio municipal (Pra\u00e7a Washington s\/n\u00b0, Jos\u00e9 Menino)<\/li>\n<li>Quarta (7\/01), 9h: Feira Livre Rua Rio Grande do Sul, Jos\u00e9 Menino<\/li>\n<li>Quinta (8\/01), 9h: Estande Novo Quebra-Mar (Av. Pres. Wilson s\/n\u00b0)<\/li>\n<li>Sexta (9\/01), 9h: Rodovi\u00e1ria de Santos (Pra\u00e7a dos Andradas, 45)<\/li>\n<\/ul>\n<p><b>Vacina\u00e7\u00e3o:<\/b> policl\u00ednicas do munic\u00edpio, para crian\u00e7as e jovens de 10 a 14 anos<\/p>\n<p><b>Den\u00fancias:<\/b> Ouvidoria Municipal pelo 162 ou site <a href=\"https:\/\/egov.santos.sp.gov.br\/somweb\/\" target=\"_blank\" rel=\"noreferrer noopener nofollow\">www.santos.sp.gov.br\/ouvidoria<\/a><\/p>\n<p><b>Vigil\u00e2ncia o ano inteiro contra a dengue<\/b><\/p>\n<p>O primeiro mapeamento de 2026 comprova que Santos mant\u00e9m vigil\u00e2ncia constante. Afinal, o mosquito n\u00e3o tira f\u00e9rias e o monitoramento precisa ser cont\u00ednuo. Consequentemente, a rotina inclui vistorias, mutir\u00f5es e muita orienta\u00e7\u00e3o.<\/p>\n<p>Cada morador tem papel fundamental nessa batalha. Ficar atento \u00e0 \u00e1gua parada e colaborar com os agentes pode evitar surtos na pr\u00f3xima temporada. Portanto, sa\u00fade e preven\u00e7\u00e3o andam juntas na luta contra a dengue na Baixada Santista.<\/p>\n<p>\u00a0<\/p>\n","protected":false},"excerpt":{"rendered":"A dengue em Santos acende o alerta logo no come\u00e7o de 2026. Nesta semana, come\u00e7ou o primeiro mapeamento&hellip;\n","protected":false},"author":2,"featured_media":217791,"comment_status":"","ping_status":"","sticky":false,"template":"","format":"standard","meta":{"footnotes":""},"categories":[86],"tags":[1300,1891,116,32,33,7982,117],"class_list":{"0":"post-217790","1":"post","2":"type-post","3":"status-publish","4":"format-standard","5":"has-post-thumbnail","7":"category-saude","8":"tag-cidade","9":"tag-dengue","10":"tag-health","11":"tag-portugal","12":"tag-pt","13":"tag-santos","14":"tag-saude"},"share_on_mastodon":{"url":"https:\/\/pubeurope.com\/@pt\/115849416102889013","error":""},"_links":{"self":[{"href":"https:\/\/www.europesays.com\/pt\/wp-json\/wp\/v2\/posts\/217790","targetHints":{"allow":["GET"]}}],"collection":[{"href":"https:\/\/www.europesays.com\/pt\/wp-json\/wp\/v2\/posts"}],"about":[{"href":"https:\/\/www.europesays.com\/pt\/wp-json\/wp\/v2\/types\/post"}],"author":[{"embeddable":true,"href":"https:\/\/www.europesays.com\/pt\/wp-json\/wp\/v2\/users\/2"}],"replies":[{"embeddable":true,"href":"https:\/\/www.europesays.com\/pt\/wp-json\/wp\/v2\/comments?post=217790"}],"version-history":[{"count":0,"href":"https:\/\/www.europesays.com\/pt\/wp-json\/wp\/v2\/posts\/217790\/revisions"}],"wp:featuredmedia":[{"embeddable":true,"href":"https:\/\/www.europesays.com\/pt\/wp-json\/wp\/v2\/media\/217791"}],"wp:attachment":[{"href":"https:\/\/www.europesays.com\/pt\/wp-json\/wp\/v2\/media?parent=217790"}],"wp:term":[{"taxonomy":"category","embeddable":true,"href":"https:\/\/www.europesays.com\/pt\/wp-json\/wp\/v2\/categories?post=217790"},{"taxonomy":"post_tag","embeddable":true,"href":"https:\/\/www.europesays.com\/pt\/wp-json\/wp\/v2\/tags?post=217790"}],"curies":[{"name":"wp","href":"https:\/\/api.w.org\/{rel}","templated":true}]}}