{"id":217858,"date":"2026-01-06T18:42:10","date_gmt":"2026-01-06T18:42:10","guid":{"rendered":"https:\/\/www.europesays.com\/pt\/217858\/"},"modified":"2026-01-06T18:42:10","modified_gmt":"2026-01-06T18:42:10","slug":"batman-parte-2-sebastian-stan-escalado","status":"publish","type":"post","link":"https:\/\/www.europesays.com\/pt\/217858\/","title":{"rendered":"Batman: Parte 2 | Sebastian Stan escalado"},"content":{"rendered":"<p>  <img decoding=\"async\" src=\"https:\/\/cdn.ome.lt\/static\/omelete\/img\/loading.svg\" alt=\"\"\/><\/p>\n<p>  <img decoding=\"async\" class=\"article__cover__image\" data-lazy-src-mob=\"\/\/cdn.ome.lt\/Rh4uDfMQgTX-azHRU8mrlWrDs2g=\/570x0\/smart\/filters:format(webp)\/uploads\/conteudo\/fotos\/stan_GsjIA1e.jpg\" data-lazy-src=\"https:\/\/cdn.ome.lt\/TLRx3d52EsIwnexZS6L_dy_B7BI=\/987x0\/smart\/filters:format(webp)\/uploads\/conteudo\/fotos\/stan_GsjIA1e.jpg\" src=\"data:image\/png;base64,iVBORw0KGgoAAAANSUhEUgAAAAEAAAABCAQAAAC1HAwCAAAAC0lEQVR42mNkYAAAAAYAAjCB0C8AAAAASUVORK5CYII=\" alt=\"Sebastian Stan em Um Homem Diferente (Reprodu\u00e7\u00e3o)\" title=\"Sebastian Stan em Um Homem Diferente (Reprodu\u00e7\u00e3o)\" width=\"987\" height=\"555\" fetchpriority=\"high\"\/><\/p>\n<p class=\"article__cover__credits\">\n  Cr\u00e9ditos da imagem:<br \/>\n  Sebastian Stan em Um Homem Diferente (Reprodu\u00e7\u00e3o)\n<\/p>\n<p><strong>Sebastian Stan\u00a0<\/strong>(Capit\u00e3o Am\u00e9rica, O Aprendiz) est\u00e1 em negocia\u00e7\u00f5es para um papel em\u00a0<strong>The Batman: Parte 2<\/strong>,\u00a0segundo a <a href=\"https:\/\/variety.com\/2026\/film\/news\/batman-2-cast-robert-pattinson-sebastian-stan-1236607867\/\" rel=\"noopener nofollow\" target=\"_blank\">Variety<\/a>. A informa\u00e7\u00e3o n\u00e3o foi confirmada pelo <strong>DC Studios<\/strong>.<\/p>\n<p>Se Stan assinar o contrato, ele se junta a\u00a0<strong>Robert Pattinson\u00a0<\/strong>(Batman) e\u00a0<strong>Scarlett Johansson<\/strong> (cujo papel n\u00e3o foi revelado oficialmente, embora <a href=\"https:\/\/www.omelete.com.br\/filmes\/batman-parte-2-scarlett-johansson-papel-revelado\/\" rel=\"noopener nofollow\" target=\"_blank\">rumores apontem conex\u00e3o com Harvey Dent\/Duas Caras<\/a>) no elenco.<\/p>\n<p>            Continua depois da Publicidade<\/p>\n<p>    <strong>Tudo sobre Batman: Parte 2<\/strong><\/p>\n<p><strong>Matt Reeves<\/strong> (Cloverfield, Planeta dos Macacos)\u00a0segue sendo a for\u00e7a criativa por tr\u00e1s da franquia\u00a0Batman, iniciada com o filme de 2022, que <strong>James Gunn<\/strong> j\u00e1 revelou fazer parte de uma cronologia separada do seu <strong>DCU.<\/strong><\/p>\n<p>Essa narrativa coloca <strong>Robert Pattinson <\/strong>no papel de um jovem Bruce Wayne, em seus primeiros anos como o Cavaleiro das Trevas.\u00a0<strong>Zo\u00eb Kravitz<\/strong>\u00a0\u00e9 a Mulher-Gato,<strong>\u00a0Colin Farrell<\/strong>\u00a0\u00e9 o Pinguim,<strong>\u00a0Paul Dano\u00a0<\/strong>faz o vil\u00e3o Charada,<strong>\u00a0John Turturro<\/strong>\u00a0\u00e9 Carmine Falcone, <strong>Jeffrey Wright<\/strong> \u00e9 o novo Comiss\u00e1rio Gordon, <strong>Andy Serkis<\/strong>\u00a0interpreta Alfred e <strong>Barry Keoghan<\/strong> vive o Coringa.<\/p>\n<p>O primeiro Batman\u00a0arrecadou perto de US$ 772 milh\u00f5es nas bilheterias mundiais. De l\u00e1 para c\u00e1, pouca coisa concreta se sabe sobre a sequ\u00eancia &#8211; o diretor Matt Reeves demorou a entregar o roteiro, escrito ao lado de <strong>Mattson Tomlin<\/strong>, e o longa foi adiado dois anos como resultado.<\/p>\n<p>Agora, as filmagens est\u00e3o agendadas para\u00a0<strong>abril<\/strong>, e o lan\u00e7amento para <strong>1\u00ba de outubro de 2027<\/strong>.<\/p>\n<p>            Continua depois da Publicidade<\/p>\n","protected":false},"excerpt":{"rendered":"Cr\u00e9ditos da imagem: Sebastian Stan em Um Homem Diferente (Reprodu\u00e7\u00e3o) Sebastian Stan\u00a0(Capit\u00e3o Am\u00e9rica, O Aprendiz) est\u00e1 em negocia\u00e7\u00f5es&hellip;\n","protected":false},"author":2,"featured_media":217859,"comment_status":"","ping_status":"","sticky":false,"template":"","format":"standard","meta":{"footnotes":""},"categories":[140],"tags":[114,115,147,148,146,32,33],"class_list":{"0":"post-217858","1":"post","2":"type-post","3":"status-publish","4":"format-standard","5":"has-post-thumbnail","7":"category-filmes","8":"tag-entertainment","9":"tag-entretenimento","10":"tag-film","11":"tag-filmes","12":"tag-movies","13":"tag-portugal","14":"tag-pt"},"share_on_mastodon":{"url":"https:\/\/pubeurope.com\/@pt\/115849628531621409","error":""},"_links":{"self":[{"href":"https:\/\/www.europesays.com\/pt\/wp-json\/wp\/v2\/posts\/217858","targetHints":{"allow":["GET"]}}],"collection":[{"href":"https:\/\/www.europesays.com\/pt\/wp-json\/wp\/v2\/posts"}],"about":[{"href":"https:\/\/www.europesays.com\/pt\/wp-json\/wp\/v2\/types\/post"}],"author":[{"embeddable":true,"href":"https:\/\/www.europesays.com\/pt\/wp-json\/wp\/v2\/users\/2"}],"replies":[{"embeddable":true,"href":"https:\/\/www.europesays.com\/pt\/wp-json\/wp\/v2\/comments?post=217858"}],"version-history":[{"count":0,"href":"https:\/\/www.europesays.com\/pt\/wp-json\/wp\/v2\/posts\/217858\/revisions"}],"wp:featuredmedia":[{"embeddable":true,"href":"https:\/\/www.europesays.com\/pt\/wp-json\/wp\/v2\/media\/217859"}],"wp:attachment":[{"href":"https:\/\/www.europesays.com\/pt\/wp-json\/wp\/v2\/media?parent=217858"}],"wp:term":[{"taxonomy":"category","embeddable":true,"href":"https:\/\/www.europesays.com\/pt\/wp-json\/wp\/v2\/categories?post=217858"},{"taxonomy":"post_tag","embeddable":true,"href":"https:\/\/www.europesays.com\/pt\/wp-json\/wp\/v2\/tags?post=217858"}],"curies":[{"name":"wp","href":"https:\/\/api.w.org\/{rel}","templated":true}]}}