{"id":217886,"date":"2026-01-06T19:02:07","date_gmt":"2026-01-06T19:02:07","guid":{"rendered":"https:\/\/www.europesays.com\/pt\/217886\/"},"modified":"2026-01-06T19:02:07","modified_gmt":"2026-01-06T19:02:07","slug":"maria-corina-machado-agradece-aos-eua-pela-captura-de-maduro-e-diz-que-regressa-em-breve-a-venezuela-cmjornal-pt","status":"publish","type":"post","link":"https:\/\/www.europesays.com\/pt\/217886\/","title":{"rendered":"Mar\u00eda Corina Machado agradece aos EUA pela captura de Maduro e diz que regressa em breve \u00e0 Venezuela &#8211; cmjornal.pt"},"content":{"rendered":"<ol>\n<li><a href=\"https:\/\/news.google.com\/rss\/articles\/CBMi_AFBVV95cUxOU2xnWENFLWVMWTFFckEtdDBlaFIxTVVwME9PWEV5R0Z3WjlhMHpTYWtsT3ZQUGU4Y1JueEpQaUE1eVNnOGNTUHRKNnRoVkFYajItOG9XZGRleDM3bEl3aVVUZkZfY0lJcUxTMnRXX0d4czB2VE9ja1p2eWVZNUg4d1VFbDFORW1nTE5GSk85TkVyRHB3NzQ0ODNweXBta0xiTnVWX0VVamhNZHVoY2RxTElnOVNOU2xkNXp3dFZBTEJBdmlHaDZib0lyN1lZZDJuQVcwb0dzdGFaQXlZLUtXOEozN3h3UVlTM0ZHN0FUVTFtb1NmSG1hTEJOcmLSAfcBQVVfeXFMTW9UR3ZKNGhidFhjSGtKd3ZCa3ZoQVRtS0pFZ1Zwa19nOE9yWTIxdzVuQVE1RHZmdjlXMFJQOGVZbHBXel9nZkptZERka2FBNFdIX3lZeE1OVzFIQmlIeHJkYU1QV3Q3MzJMU1g5YU9kWWJiOEVKa1JNNnZ0TGpQVUcxb0QyUHZBZEVfWlZndk9BM2VscUI1bjBkTWtVMndlTFVPZWtsa3VwaktITEdKaXNGQlhnU2xILUYzYk83aktKRFdycDMyQk13MmZuQlVUUnZiZ2JmUGU4djJPeTI5UUp5TVlTUkFmNDlnZ1l6NWRWN3RHalZIMA?oc=5\" target=\"_blank\" rel=\"nofollow noopener\">Mar\u00eda Corina Machado agradece aos EUA pela captura de Maduro e diz que regressa em breve \u00e0 Venezuela<\/a>&nbsp;&nbsp;cmjornal.pt<\/li>\n<li><a href=\"https:\/\/news.google.com\/rss\/articles\/CBMi-wFBVV95cUxPYmtMX0FYY3B3a0lqMV9QSlUwS0hpczNQaDBrcXc1blJvMlNpRmsyY1hNZERzbmwyY2hDUU5YbkFpMWpxRzlqZjNjSTNzNzA2Vm5BT0xyYUh2blNubFJCUUR3bklSYk0tTHc5cEtELWlRU3dqbmQzUjRvbGctMGZNbjgzSm5uRGJ3aGVTYlBmTUZLM3pCZzFhNXRVZ1JrY3FKd3FaSFFGRjBfSTBiWF9CRkxyNzFHa3UyRU50Y29abFlubDctRENEd0pYd1IxUkxqYkJEajh5NmxRaENGQXBwTEYwZVQxQktRbjl2Y2xDMTBEU2RZdkVfU20zONIBigJBVV95cUxPektrZ3Zxd0hCdGN2UGZIc1N6NWlJQWZUcFdtc3J1Nl9sclNNSE5OTkVlSF80MHc0M2FtYVJiYklDRjllejRBc1BGeFkyaGVNeFkwTkNrQVJtdTRvaGZaMHlJR1Bma2JabHcwNGloNGtsTWhqSlRYNC1VZXNvdEpDVEVnWDVNeTF3RlZqeU9pTnlxazBsdG00YmRYNU1WbjNwcThlRHBlM0owSGVZbks3cXZ3SVdWaThidC15SE1fVGlRVk9VTmg5X2NHS1kxQ3FwUG5RTzBjTG5vZXcwU0RyNTRRdnpual81TmtTdXZZZTVsRHF6cEpFbEdoRDY3MEdqSmJDclNiMWM5dw?oc=5\" target=\"_blank\" rel=\"nofollow noopener\">Temores de caos e rela\u00e7\u00e3o desgastada: Por que Trump n\u00e3o apoiou Mar\u00eda Corina ap\u00f3s retirada de Maduro na Venezuela<\/a>&nbsp;&nbsp;O Globo<\/li>\n<li><a href=\"https:\/\/news.google.com\/rss\/articles\/CBMi6gFBVV95cUxOc0JMVkdDMllKeFBYY2xVNDd4TEZBcjV0Sld1ZEpkS2lOYzRPaU1mVlc5WHprNTJIR0VhS2Y3T1FpdG4wWm1hYWRaRWpLdThBMXJ0RER1TFlLVkZRRExCZkI5bXNRdHAteExXQUZ5WTBvZEEwcWExd3FfNVN1YmZMb3d4Ny13UG1CVUVqTEEybFJTckt1S3Jkd1MtUzMyTGVxTGZyTkh3UE9WU1NIWEhsQUFnU3dBNFN1Q3d0TndGT3BpXzZvdzNoQVZFaDVjbVlNSWdVdWh1RTRxem8ycExJdFlPZlBZRG56MlHSAe8BQVVfeXFMUGlWQXlyMnluYkd3dzJwYVhzbEhpN2pMa2tDMHcxWUxPaWpIVnQ3X2tXR2V5SGtra3ptekFGQ0l0ZkhrS0FGcEVGR09pMkNYdXpGdE83d1RleklXSEVuZ1hPZUl6THM1MS1VcnJfOFpUWVZnVHZOdGFqdFhRMEo0cWhyNG94Z3JJcVVEVnBZRHJjcUpYNUJKbTB4Q1dZcTVrRzdqc0piRW5DU0JvMTM5QzFqOUxCcGpyNEdEdmJNN0hXZk9CcmZKU0hfYUZGTWl2dlFyZE8zWkJST3BxcjFhQkxZbDNFeS1vQW41QVhHWjg?oc=5\" target=\"_blank\" rel=\"nofollow noopener\">Oposi\u00e7\u00e3o na Venezuela teme pr\u00f3ximas a\u00e7\u00f5es de Trump e recorre \u00e0 Constitui\u00e7\u00e3o para pressionar por elei\u00e7\u00f5es<\/a>&nbsp;&nbsp;Folha de S.Paulo<\/li>\n<li><a href=\"https:\/\/news.google.com\/rss\/articles\/CBMiYkFVX3lxTFBIY01XQ0V3WG1KZFZXVTEzakRYOFVveDBfbGZ5U250bEtncXM1bUh4Tm5tN1hYRnl6LTZfU1ZCYW15Mjc1ZzdCakZoTzBhWEZZNnhlZEhpTzl1d3lSdmZLY2pB?oc=5\" target=\"_blank\" rel=\"nofollow noopener\">Por que Trump apoiou vice de Maduro em vez de l\u00edder da oposi\u00e7\u00e3o na Venezuela<\/a>&nbsp;&nbsp;BBC<\/li>\n<li><a href=\"https:\/\/news.google.com\/rss\/articles\/CBMisAFBVV95cUxPUjdPN1h0bXc0S3p2T0hyV3luQk9FYk1nNGhnZDBhSXNXUTFJMFJBRXJGeXBjTWdYcE04WkVMMHhSc2hrVHJoRlYxZ01SSGJIS3ZFbm1US1E1M2swQjE3LTFIWERmM2gxeG1aTDdNX0Y3Ni1yRU1pRW5kdnBJOFRTY09XOG5nOVNMU2ZfUWx1cUNHQjQxV1Vlcm11dFFtb2JjR1cyNjFEazluRVlhUUJ4MA?oc=5\" target=\"_blank\" rel=\"nofollow noopener\">Mar\u00eda Corina promete voltar para a Venezuela &#8220;o mais r\u00e1pido poss\u00edvel&#8221;<\/a>&nbsp;&nbsp;CNN Brasil<\/li>\n<\/ol>\n","protected":false},"excerpt":{"rendered":"Mar\u00eda Corina Machado agradece aos EUA pela captura de Maduro e diz que regressa em breve \u00e0 Venezuela&nbsp;&nbsp;cmjornal.pt&hellip;\n","protected":false},"author":2,"featured_media":196976,"comment_status":"","ping_status":"","sticky":false,"template":"","format":"standard","meta":{"footnotes":""},"categories":[50],"tags":[27,28,15,16,14,25,26,21,22,62,12,13,19,20,23,24,17,18,29,30,31,63,64,65],"class_list":{"0":"post-217886","1":"post","2":"type-post","3":"status-publish","4":"format-standard","5":"has-post-thumbnail","7":"category-mundo","8":"tag-breaking-news","9":"tag-breakingnews","10":"tag-featured-news","11":"tag-featurednews","12":"tag-headlines","13":"tag-latest-news","14":"tag-latestnews","15":"tag-main-news","16":"tag-mainnews","17":"tag-mundo","18":"tag-news","19":"tag-noticias","20":"tag-noticias-principais","21":"tag-noticiasprincipais","22":"tag-principais-noticias","23":"tag-principaisnoticias","24":"tag-top-stories","25":"tag-topstories","26":"tag-ultimas","27":"tag-ultimas-noticias","28":"tag-ultimasnoticias","29":"tag-world","30":"tag-world-news","31":"tag-worldnews"},"share_on_mastodon":{"url":"https:\/\/pubeurope.com\/@pt\/115849707166147247","error":""},"_links":{"self":[{"href":"https:\/\/www.europesays.com\/pt\/wp-json\/wp\/v2\/posts\/217886","targetHints":{"allow":["GET"]}}],"collection":[{"href":"https:\/\/www.europesays.com\/pt\/wp-json\/wp\/v2\/posts"}],"about":[{"href":"https:\/\/www.europesays.com\/pt\/wp-json\/wp\/v2\/types\/post"}],"author":[{"embeddable":true,"href":"https:\/\/www.europesays.com\/pt\/wp-json\/wp\/v2\/users\/2"}],"replies":[{"embeddable":true,"href":"https:\/\/www.europesays.com\/pt\/wp-json\/wp\/v2\/comments?post=217886"}],"version-history":[{"count":0,"href":"https:\/\/www.europesays.com\/pt\/wp-json\/wp\/v2\/posts\/217886\/revisions"}],"wp:featuredmedia":[{"embeddable":true,"href":"https:\/\/www.europesays.com\/pt\/wp-json\/wp\/v2\/media\/196976"}],"wp:attachment":[{"href":"https:\/\/www.europesays.com\/pt\/wp-json\/wp\/v2\/media?parent=217886"}],"wp:term":[{"taxonomy":"category","embeddable":true,"href":"https:\/\/www.europesays.com\/pt\/wp-json\/wp\/v2\/categories?post=217886"},{"taxonomy":"post_tag","embeddable":true,"href":"https:\/\/www.europesays.com\/pt\/wp-json\/wp\/v2\/tags?post=217886"}],"curies":[{"name":"wp","href":"https:\/\/api.w.org\/{rel}","templated":true}]}}