{"id":217921,"date":"2026-01-06T19:25:08","date_gmt":"2026-01-06T19:25:08","guid":{"rendered":"https:\/\/www.europesays.com\/pt\/217921\/"},"modified":"2026-01-06T19:25:08","modified_gmt":"2026-01-06T19:25:08","slug":"mourinho-segura-aursnes-vamos-ate-ao-limite-e-vai-ser-titular","status":"publish","type":"post","link":"https:\/\/www.europesays.com\/pt\/217921\/","title":{"rendered":"Mourinho segura Aursnes: \u00abVamos at\u00e9 ao limite e vai ser titular\u00bb"},"content":{"rendered":"<p style=\"margin-bottom:11px\"><strong>Jos\u00e9 Mourinho anteviu nesta ter\u00e7a-feira a <a href=\"https:\/\/maisfutebol.iol.pt\/jogo\/benfica\/sp-braga\/13826203\" rel=\"nofollow noopener\" target=\"_blank\">meia-final da Ta\u00e7a da Liga contra o Sp. Braga, em Leiria<\/a>, agendada para quarta-feira (20h). Em confer\u00eancia de imprensa, o treinador do Benfica comentou a les\u00e3o de Enzo Barrenechea, al\u00e9m da disponibilidade de Aursnes e Manu Silva.<\/strong><\/p>\n<p> Aursnes OK, Enzo KO <\/p>\n<p>\u00ab<a href=\"https:\/\/maisfutebol.iol.pt\/benfica\/enzo-barrenechea\/barrenechea-lesao-no-ombro-nao-e-grave-mas-benfica-preve-mais-de-um-jogo-como-desfalque\" rel=\"nofollow noopener\" target=\"_blank\">Enzo? Foi decidido tratamento conservador. Se fosse tratamento cir\u00fargico<\/a>, a \u00e9poca teria terminado, mas precisamos dele. H\u00e1 boas possibilidades de recuperar de maneira n\u00e3o cir\u00fargica, refor\u00e7ando a \u00e1rea da les\u00e3o. Pode ser que chegue ao jogo com o FC Porto ou com o Rio Ave.\u00bb<\/p>\n<p>\u00abManu Silva? Neste momento temos dois jogadores para aquela posi\u00e7\u00e3o, Manu e Aursnes. As op\u00e7\u00f5es existem. O Diogo Prioste tem muitos minutos na equipa B, demonstrando maturidade, conhecimento do jogo, treina connosco todos os dias.\u00bb<\/p>\n<p>\u00abVamos at\u00e9 ao limite. Se olharmos ao calend\u00e1rio, com todos os jogadores ausentes, vamos jogo a jogo. O Aursnes amanh\u00e3 vai ser titular. Se houver jogo no s\u00e1bado, logo se ver\u00e1.\u00bb<\/p>\n","protected":false},"excerpt":{"rendered":"Jos\u00e9 Mourinho anteviu nesta ter\u00e7a-feira a meia-final da Ta\u00e7a da Liga contra o Sp. Braga, em Leiria, agendada&hellip;\n","protected":false},"author":2,"featured_media":217922,"comment_status":"","ping_status":"","sticky":false,"template":"","format":"standard","meta":{"footnotes":""},"categories":[87],"tags":[9063,51,135,42366,34487,1385,2613,46,25103,32,33,47,134,5344],"class_list":{"0":"post-217921","1":"post","2":"type-post","3":"status-publish","4":"format-standard","5":"has-post-thumbnail","7":"category-desporto","8":"tag-aursnes","9":"tag-benfica","10":"tag-desporto","11":"tag-diogo-prioste","12":"tag-enzo-barrenechea","13":"tag-jose-mourinho","14":"tag-lesao","15":"tag-maisfutebol","16":"tag-manu-silva","17":"tag-portugal","18":"tag-pt","19":"tag-pura-paixao","20":"tag-sports","21":"tag-taca-da-liga"},"share_on_mastodon":{"url":"https:\/\/pubeurope.com\/@pt\/115849797555094565","error":""},"_links":{"self":[{"href":"https:\/\/www.europesays.com\/pt\/wp-json\/wp\/v2\/posts\/217921","targetHints":{"allow":["GET"]}}],"collection":[{"href":"https:\/\/www.europesays.com\/pt\/wp-json\/wp\/v2\/posts"}],"about":[{"href":"https:\/\/www.europesays.com\/pt\/wp-json\/wp\/v2\/types\/post"}],"author":[{"embeddable":true,"href":"https:\/\/www.europesays.com\/pt\/wp-json\/wp\/v2\/users\/2"}],"replies":[{"embeddable":true,"href":"https:\/\/www.europesays.com\/pt\/wp-json\/wp\/v2\/comments?post=217921"}],"version-history":[{"count":0,"href":"https:\/\/www.europesays.com\/pt\/wp-json\/wp\/v2\/posts\/217921\/revisions"}],"wp:featuredmedia":[{"embeddable":true,"href":"https:\/\/www.europesays.com\/pt\/wp-json\/wp\/v2\/media\/217922"}],"wp:attachment":[{"href":"https:\/\/www.europesays.com\/pt\/wp-json\/wp\/v2\/media?parent=217921"}],"wp:term":[{"taxonomy":"category","embeddable":true,"href":"https:\/\/www.europesays.com\/pt\/wp-json\/wp\/v2\/categories?post=217921"},{"taxonomy":"post_tag","embeddable":true,"href":"https:\/\/www.europesays.com\/pt\/wp-json\/wp\/v2\/tags?post=217921"}],"curies":[{"name":"wp","href":"https:\/\/api.w.org\/{rel}","templated":true}]}}