{"id":217937,"date":"2026-01-06T19:33:08","date_gmt":"2026-01-06T19:33:08","guid":{"rendered":"https:\/\/www.europesays.com\/pt\/217937\/"},"modified":"2026-01-06T19:33:08","modified_gmt":"2026-01-06T19:33:08","slug":"andressa-urach-anuncia-novidade-apos-gravar-video-com-o-filho","status":"publish","type":"post","link":"https:\/\/www.europesays.com\/pt\/217937\/","title":{"rendered":"Andressa Urach anuncia novidade ap\u00f3s gravar v\u00eddeo com o filho"},"content":{"rendered":"<p><strong>Andressa Urach <\/strong>anunciou\u00a0nesta segunda-feira (5) que est\u00e1 criando a sua pr\u00f3pria plataforma de conte\u00fado adulto. Ap\u00f3s gerar pol\u00eamica por gravar um v\u00eddeo expl\u00edcito com o filho,\u00a0<strong>Arthur Urach<\/strong>, de 20, a modelo prometeu revolucionar o mercado de conte\u00fado adulto.<\/p>\n<p>&#8220;J\u00e1 anota a\u00ed e guarda esse nome: Andressa Urach Videos. Em um m\u00eas vou criar uma plataforma de conte\u00fado para os criadores que est\u00e3o cansados de \u2018mimimi\u2019 de algumas plataformas&#8221;, escreveu\u00a0<strong>Andressa Urach\u00a0<\/strong>no texto publicado em seu perfil no Instagram.<\/p>\n<p>No X, antigo Twitter,\u00a0<strong>Andressa Urach\u00a0<\/strong>deu mais detalhes do projeto: &#8220;Vai ser a maior plataforma de conte\u00fado adulto e fetiches (dentro da lei). J\u00e1 anota esse nome a\u00ed! L\u00e1 os criadores ser\u00e3o livres pra trabalhar. http:\/\/andressaurachvideos.com.br em breve!!! Compartilha com criadores e assinantes&#8221;.<\/p>\n<p>Atualmente, <strong>Andressa Urach <\/strong>disponibiliza os conte\u00fados que produz na plataforma <strong>Privacy<\/strong> por uma assinatura mensal no valor de\u00a0R$ 200. Os assinantes que optarem por ficar tr\u00eas meses ganham 20% de desconto e os que quiserem seis meses, 50%.<\/p>\n<p>Confira:<\/p>\n<blockquote class=\"instagram-media\" style=\"background: #FFF; border: 0; border-radius: 3px; box-shadow: 0 0 1px 0 rgba(0,0,0,0.5),0 1px 10px 0 rgba(0,0,0,0.15); margin: 1px; max-width: 540px; min-width: 326px; padding: 0; width: calc(100% - 2px);\" data-instgrm-captioned=\"\" data-instgrm-permalink=\"https:\/\/www.instagram.com\/reel\/DTHVmMwDq_e\/?utm_source=ig_embed&amp;utm_campaign=loading\" data-instgrm-version=\"14\"><p>&#13;<br \/>\n&#13;\n<\/p><\/blockquote>\n<p>            <script async src=\"\/\/www.instagram.com\/embed.js\"><\/script><\/p>\n","protected":false},"excerpt":{"rendered":"Andressa Urach anunciou\u00a0nesta segunda-feira (5) que est\u00e1 criando a sua pr\u00f3pria plataforma de conte\u00fado adulto. Ap\u00f3s gerar pol\u00eamica&hellip;\n","protected":false},"author":2,"featured_media":217938,"comment_status":"","ping_status":"","sticky":false,"template":"","format":"standard","meta":{"footnotes":""},"categories":[145],"tags":[5404,42368,211,210,114,115,32,33],"class_list":{"0":"post-217937","1":"post","2":"type-post","3":"status-publish","4":"format-standard","5":"has-post-thumbnail","7":"category-celebridades","8":"tag-andressa-urach","9":"tag-arthur-urach","10":"tag-celebridades","11":"tag-celebrities","12":"tag-entertainment","13":"tag-entretenimento","14":"tag-portugal","15":"tag-pt"},"share_on_mastodon":{"url":"https:\/\/pubeurope.com\/@pt\/115849830021762090","error":""},"_links":{"self":[{"href":"https:\/\/www.europesays.com\/pt\/wp-json\/wp\/v2\/posts\/217937","targetHints":{"allow":["GET"]}}],"collection":[{"href":"https:\/\/www.europesays.com\/pt\/wp-json\/wp\/v2\/posts"}],"about":[{"href":"https:\/\/www.europesays.com\/pt\/wp-json\/wp\/v2\/types\/post"}],"author":[{"embeddable":true,"href":"https:\/\/www.europesays.com\/pt\/wp-json\/wp\/v2\/users\/2"}],"replies":[{"embeddable":true,"href":"https:\/\/www.europesays.com\/pt\/wp-json\/wp\/v2\/comments?post=217937"}],"version-history":[{"count":0,"href":"https:\/\/www.europesays.com\/pt\/wp-json\/wp\/v2\/posts\/217937\/revisions"}],"wp:featuredmedia":[{"embeddable":true,"href":"https:\/\/www.europesays.com\/pt\/wp-json\/wp\/v2\/media\/217938"}],"wp:attachment":[{"href":"https:\/\/www.europesays.com\/pt\/wp-json\/wp\/v2\/media?parent=217937"}],"wp:term":[{"taxonomy":"category","embeddable":true,"href":"https:\/\/www.europesays.com\/pt\/wp-json\/wp\/v2\/categories?post=217937"},{"taxonomy":"post_tag","embeddable":true,"href":"https:\/\/www.europesays.com\/pt\/wp-json\/wp\/v2\/tags?post=217937"}],"curies":[{"name":"wp","href":"https:\/\/api.w.org\/{rel}","templated":true}]}}