{"id":217966,"date":"2026-01-06T19:53:08","date_gmt":"2026-01-06T19:53:08","guid":{"rendered":"https:\/\/www.europesays.com\/pt\/217966\/"},"modified":"2026-01-06T19:53:08","modified_gmt":"2026-01-06T19:53:08","slug":"alvaro-pacheco-na-calha-para-regressar-a-primeira-liga","status":"publish","type":"post","link":"https:\/\/www.europesays.com\/pt\/217966\/","title":{"rendered":"\u00c1lvaro Pacheco na calha para regressar \u00e0 Primeira Liga"},"content":{"rendered":"<p>&#8211; Advertisement &#8211;<\/p>\n<p><strong>\u00c1lvaro Pacheco est\u00e1 livre no mercado de treinadores. O t\u00e9cnico encontra-se referenciado pelo Casa Pia, emblema da Primeira Liga.<\/strong><\/p>\n<p>\u00c1lvaro Pacheco encontra-se na \u00f3rbita do Casa Pia. De acordo com o jornal O Jogo, o t\u00e9cnico est\u00e1 referenciado pelo emblema do Pina Manique, que se encontra a lutar pela manuten\u00e7\u00e3o na Primeira Liga. Os gansos s\u00e3o atualmente orientados por Gon\u00e7alo Brand\u00e3o.<\/p>\n<p>O Casa Pia arrancou a \u00e9poca com Jo\u00e3o Pereira, mas os resultados levaram \u00e0 promo\u00e7\u00e3o do antigo defesa, que apenas conseguiu seis pontos nas \u00faltimas sete jornadas. A equipa encontra-se na 15.\u00aa posi\u00e7\u00e3o com 14 pontos, os mesmos do Arouca, que se encontra em lugar de playoff de manuten\u00e7\u00e3o.<\/p>\n<p>\u00c1lvaro Pacheco tem 54 anos e o seu \u00faltimo desafio foi ao servi\u00e7o do Al Orobah em 2024\/25, com quatro triunfos em 14 partidas. Na <a href=\"https:\/\/bolanarede.pt\/etiqueta\/primeira-liga\/\" target=\"_blank\" rel=\"noreferrer noopener nofollow\">Primeira Liga<\/a> j\u00e1 passou por Vizela, Estoril Praia e Vit\u00f3ria SC. <\/p>\n","protected":false},"excerpt":{"rendered":"&#8211; Advertisement &#8211; \u00c1lvaro Pacheco est\u00e1 livre no mercado de treinadores. O t\u00e9cnico encontra-se referenciado pelo Casa Pia,&hellip;\n","protected":false},"author":2,"featured_media":217967,"comment_status":"","ping_status":"","sticky":false,"template":"","format":"standard","meta":{"footnotes":""},"categories":[87],"tags":[42370,260,1529,135,32,479,33,134],"class_list":{"0":"post-217966","1":"post","2":"type-post","3":"status-publish","4":"format-standard","5":"has-post-thumbnail","7":"category-desporto","8":"tag-alvaro-pacheco","9":"tag-atualidade","10":"tag-casa-pia","11":"tag-desporto","12":"tag-portugal","13":"tag-primeira-liga","14":"tag-pt","15":"tag-sports"},"share_on_mastodon":{"url":"https:\/\/pubeurope.com\/@pt\/115849907627862430","error":""},"_links":{"self":[{"href":"https:\/\/www.europesays.com\/pt\/wp-json\/wp\/v2\/posts\/217966","targetHints":{"allow":["GET"]}}],"collection":[{"href":"https:\/\/www.europesays.com\/pt\/wp-json\/wp\/v2\/posts"}],"about":[{"href":"https:\/\/www.europesays.com\/pt\/wp-json\/wp\/v2\/types\/post"}],"author":[{"embeddable":true,"href":"https:\/\/www.europesays.com\/pt\/wp-json\/wp\/v2\/users\/2"}],"replies":[{"embeddable":true,"href":"https:\/\/www.europesays.com\/pt\/wp-json\/wp\/v2\/comments?post=217966"}],"version-history":[{"count":0,"href":"https:\/\/www.europesays.com\/pt\/wp-json\/wp\/v2\/posts\/217966\/revisions"}],"wp:featuredmedia":[{"embeddable":true,"href":"https:\/\/www.europesays.com\/pt\/wp-json\/wp\/v2\/media\/217967"}],"wp:attachment":[{"href":"https:\/\/www.europesays.com\/pt\/wp-json\/wp\/v2\/media?parent=217966"}],"wp:term":[{"taxonomy":"category","embeddable":true,"href":"https:\/\/www.europesays.com\/pt\/wp-json\/wp\/v2\/categories?post=217966"},{"taxonomy":"post_tag","embeddable":true,"href":"https:\/\/www.europesays.com\/pt\/wp-json\/wp\/v2\/tags?post=217966"}],"curies":[{"name":"wp","href":"https:\/\/api.w.org\/{rel}","templated":true}]}}