{"id":217968,"date":"2026-01-06T19:54:14","date_gmt":"2026-01-06T19:54:14","guid":{"rendered":"https:\/\/www.europesays.com\/pt\/217968\/"},"modified":"2026-01-06T19:54:14","modified_gmt":"2026-01-06T19:54:14","slug":"vacinacao-antirrabica-teve-mais-de-288-mil-animais-imunizados","status":"publish","type":"post","link":"https:\/\/www.europesays.com\/pt\/217968\/","title":{"rendered":"Vacina\u00e7\u00e3o antirr\u00e1bica teve mais de 288 mil animais imunizados"},"content":{"rendered":"<p>A Campanha Municipal de Vacina\u00e7\u00e3o Antirr\u00e1bica Animal de 2025, da Prefeitura de Manaus, terminou no dia 29\/12 com mais de 288 mil animais imunizados. A \u00faltima etapa da estrat\u00e9gia, coordenada pela Secretaria Municipal de Sa\u00fade (Semsa) e executada pelo Centro de Controle de Zoonoses (CCZ) Dr. Carlos Durand, ocorreu de outubro a dezembro do ano passado, com a oferta da vacina\u00e7\u00e3o em domic\u00edlio e em pontos fixos, em toda a zona urbana.<\/p>\n<p>Ao todo, as equipes do CCZ Manaus imunizaram 205.305 c\u00e3es e 83.431 gatos, totalizando 288.736 animais, nas tr\u00eas etapas da campanha: urbana, rural terrestre e fluvial. O resultado superou a meta definida pelo Minist\u00e9rio da Sa\u00fade, que era de alcan\u00e7ar 202.400 c\u00e3es e 80 mil gatos imunizados, somando 282.400 animais.<\/p>\n<p>O gerente do CCZ Manaus, m\u00e9dico veterin\u00e1rio Rodrigo Ara\u00fajo, relata que a vacina\u00e7\u00e3o em domic\u00edlio chegou a todos os bairros e vias da zona urbana da cidade, conduzida por vacinadores contratados pela Semsa, e alcan\u00e7ou um resultado positivo mesmo com desafios representados pelas chuvas e pela aus\u00eancia dos respons\u00e1veis em muitas casas.<\/p>\n<p>\u201cTrabalhamos tamb\u00e9m com mais de 50 postos fixos, em parceria com cl\u00ednicas veterin\u00e1rias, que abra\u00e7aram a miss\u00e3o de vacinar o maior n\u00famero poss\u00edvel de c\u00e3es e gatos. Isso contribuiu para superarmos com sucesso a meta da a\u00e7\u00e3o, com mais de 288 mil animais vacinados\u201d, aponta o gerente.<\/p>\n<p>O chefe do N\u00facleo de Controle Populacional Animal do CCZ Manaus, m\u00e9dico veterin\u00e1rio Thulio Rocha, respons\u00e1vel pela coordena\u00e7\u00e3o da campanha municipal, ressalta que a vacina\u00e7\u00e3o de c\u00e3es e gatos contra a raiva continua sendo ofertada durante as a\u00e7\u00f5es regulares conduzidas pelo CCZ, bem como na sede do centro, na avenida Brasil, ao lado do Caic do bairro Compensa, onde o servi\u00e7o de imuniza\u00e7\u00e3o \u00e9 disponibilizado durante todo o ano.<\/p>\n<p>\u201cOs tutores podem trazer seus animais ao CCZ de segunda a sexta-feira, em dias \u00fateis, sempre das 8h \u00e0s 15h. A vacina \u00e9 gratuita, e n\u00e3o \u00e9 necess\u00e1rio agendar antes nem apresentar qualquer documento para acesso ao servi\u00e7o\u201d, informa o veterin\u00e1rio, lembrando que a vacina\u00e7\u00e3o \u00e9 anual e obrigat\u00f3ria para c\u00e3es e gatos saud\u00e1veis, a partir dos 3 meses de idade.<\/p>\n<p><strong>Intensifica\u00e7\u00e3o<\/strong><\/p>\n<p>A campanha de vacina\u00e7\u00e3o de c\u00e3es e gatos contra a raiva \u00e9 realizada anualmente, como parte das estrat\u00e9gias da Semsa para controle e erradica\u00e7\u00e3o da raiva humana e animal, promovendo a intensifica\u00e7\u00e3o da vacina\u00e7\u00e3o de c\u00e3es e gatos com a oferta do servi\u00e7o de casa em casa. Rodrigo Ara\u00fajo enfatiza o papel essencial da estrat\u00e9gia, relatando que Manaus n\u00e3o tem registro de casos da doen\u00e7a em humanos h\u00e1 40 anos.<\/p>\n<p>\u201cApesar disso, temos visto not\u00edcias de casos de raiva em animais e em humanos, em diversos locais do Brasil, mostrando que o v\u00edrus continua presente no pa\u00eds. Isso refor\u00e7a a import\u00e2ncia da vigil\u00e2ncia cont\u00ednua e da vacina\u00e7\u00e3o, que \u00e9 a forma mais eficaz de proteger os animais, e por extens\u00e3o as pessoas, contra essa zoonose\u201d, observa o gerente do CCZ.<\/p>\n<p><strong>Zoonose<\/strong><\/p>\n<p>A raiva \u00e9 causada pelo v\u00edrus do g\u00eanero Lyssavirus, da fam\u00edlia Rhabdoviridae, capaz de afetar qualquer mam\u00edfero, inclusive os seres humanos. A doen\u00e7a pode ser transmitida \u00e0s pessoas por meio da saliva de animais infectados, a partir de arranh\u00f5es, mordidas ou lambidas. Animais dom\u00e9sticos, c\u00e3es e gatos, e animais silvestres, principalmente macacos e morcegos, s\u00e3o os principais transmissores da doen\u00e7a.<\/p>\n<p>A zoonose atinge o sistema nervoso de pessoas e animais infectados, causando encefalite aguda e progressiva. \u201cInfelizmente, a raiva ainda \u00e9 uma doen\u00e7a letal, levando a \u00f3bito em quase 100% dos casos, ap\u00f3s o in\u00edcio dos sintomas\u201d, assinala Rodrigo Ara\u00fajo.<\/p>\n<p>Em casos de ataques por c\u00e3es, gatos ou animais silvestres, o gerente do CCZ orienta que a pessoa primeiramente lave o ferimento com \u00e1gua e sab\u00e3o, e em seguida busque uma unidade b\u00e1sica para orienta\u00e7\u00f5es. Caso necess\u00e1rio, ela ser\u00e1 encaminhada para tratamento de profilaxia, em uma das unidades de refer\u00eancia da Semsa para atendimento antirr\u00e1bico humano.<\/p>\n<p>Para mais informa\u00e7\u00f5es e d\u00favidas sobre a vacina\u00e7\u00e3o antirr\u00e1bica animal e outros servi\u00e7os ofertados pelo CCZ Manaus, a popula\u00e7\u00e3o pode entrar em contato com o centro, por meio do Whatsapp, nos n\u00fameros (92) 98842-8359 e 98842-8484.<\/p>\n<p><strong>\u2014\u2013 \u2014\u2013 \u2014\u2013\u00a0<\/strong><br \/><strong>Texto \u2013 <\/strong>Jony Clay Borges \/ Semsa<br \/><strong>Fotos \u2013 <\/strong>Divulga\u00e7\u00e3o \/ Semsa<\/p>\n","protected":false},"excerpt":{"rendered":"A Campanha Municipal de Vacina\u00e7\u00e3o Antirr\u00e1bica Animal de 2025, da Prefeitura de Manaus, terminou no dia 29\/12 com&hellip;\n","protected":false},"author":2,"featured_media":217969,"comment_status":"","ping_status":"","sticky":false,"template":"","format":"standard","meta":{"footnotes":""},"categories":[86],"tags":[42371,30953,26071,116,32,3243,33,117],"class_list":{"0":"post-217968","1":"post","2":"type-post","3":"status-publish","4":"format-standard","5":"has-post-thumbnail","7":"category-saude","8":"tag-288-mil-animais-imunizados","9":"tag-campanha-de-vacinacao-antirrabica","10":"tag-campanha-municipal-de-vacinacao-antirrabica-animal-de-2025","11":"tag-health","12":"tag-portugal","13":"tag-prefeitura-de-manaus","14":"tag-pt","15":"tag-saude"},"share_on_mastodon":{"url":"https:\/\/pubeurope.com\/@pt\/115849911657381751","error":""},"_links":{"self":[{"href":"https:\/\/www.europesays.com\/pt\/wp-json\/wp\/v2\/posts\/217968","targetHints":{"allow":["GET"]}}],"collection":[{"href":"https:\/\/www.europesays.com\/pt\/wp-json\/wp\/v2\/posts"}],"about":[{"href":"https:\/\/www.europesays.com\/pt\/wp-json\/wp\/v2\/types\/post"}],"author":[{"embeddable":true,"href":"https:\/\/www.europesays.com\/pt\/wp-json\/wp\/v2\/users\/2"}],"replies":[{"embeddable":true,"href":"https:\/\/www.europesays.com\/pt\/wp-json\/wp\/v2\/comments?post=217968"}],"version-history":[{"count":0,"href":"https:\/\/www.europesays.com\/pt\/wp-json\/wp\/v2\/posts\/217968\/revisions"}],"wp:featuredmedia":[{"embeddable":true,"href":"https:\/\/www.europesays.com\/pt\/wp-json\/wp\/v2\/media\/217969"}],"wp:attachment":[{"href":"https:\/\/www.europesays.com\/pt\/wp-json\/wp\/v2\/media?parent=217968"}],"wp:term":[{"taxonomy":"category","embeddable":true,"href":"https:\/\/www.europesays.com\/pt\/wp-json\/wp\/v2\/categories?post=217968"},{"taxonomy":"post_tag","embeddable":true,"href":"https:\/\/www.europesays.com\/pt\/wp-json\/wp\/v2\/tags?post=217968"}],"curies":[{"name":"wp","href":"https:\/\/api.w.org\/{rel}","templated":true}]}}