{"id":218041,"date":"2026-01-06T20:39:18","date_gmt":"2026-01-06T20:39:18","guid":{"rendered":"https:\/\/www.europesays.com\/pt\/218041\/"},"modified":"2026-01-06T20:39:18","modified_gmt":"2026-01-06T20:39:18","slug":"nissan-regressa-ao-top-10-do-mercado-automovel-em-portugal","status":"publish","type":"post","link":"https:\/\/www.europesays.com\/pt\/218041\/","title":{"rendered":"Nissan regressa ao top 10 do mercado autom\u00f3vel em Portugal"},"content":{"rendered":"<p>A Nissan encerrou o ano de 2025 com um desempenho s\u00f3lido e sustentado no mercado portugu\u00eas de ve\u00edculos autom\u00f3veis ligeiros, assegurando o 9.\u00ba lugar no ranking nacional e confirmando o regresso da marca ao top 10 das mais vendidas, em Portugal.<\/p>\n<p><a target=\"_blank\" href=\"https:\/\/pplware.sapo.pt\/wp-content\/uploads\/2024\/12\/nissa_ariya-4.jpg\" onclick=\"refreshIframe()\" class=\"foobox\" rel=\"nofollow noopener\"><img fetchpriority=\"high\" decoding=\"async\" src=\"https:\/\/www.europesays.com\/pt\/wp-content\/uploads\/2026\/01\/nissa_ariya-4-720x405.jpg\" alt=\"Nissan ARIYA\" width=\"720\" height=\"405\" class=\"aligncenter size-medium wp-image-1030961\"  \/><\/a>\n<\/p>\n<p>Com um total de 7886 unidades matriculadas, em 2025, a <a target=\"_blank\" href=\"https:\/\/www.linkedin.com\/posts\/nissanportugal_regressamos-ao-top-10-do-mercado-autom%C3%B3vel-activity-7414002159987499008-0_H5?utm_source=share&amp;utm_medium=member_desktop&amp;rcm=ACoAACdq7jABfbB2UGoVy7YUiymitP4TVYOUz5k\" rel=\"nofollow noopener\">Nissan assegurou<\/a> um crescimento de 4% face a 2024, ano que fechou com 7593 ve\u00edculos vendidos.<\/p>\n<p>O Nissan Qashqai continuou a ser um dos favoritos dos portugueses, tendo fechado o ano em primeiro lugar nos C-SUV. Ao todo, foram matriculadas 3212 unidades do modelo, numa quota de 7,84% no segmento.<\/p>\n<p><a target=\"_blank\" href=\"https:\/\/pplware.sapo.pt\/wp-content\/uploads\/2026\/01\/nissan_top10_2025.jpg\" onclick=\"refreshIframe()\" class=\"foobox\" rel=\"nofollow noopener\"><img loading=\"lazy\" decoding=\"async\" src=\"https:\/\/www.europesays.com\/pt\/wp-content\/uploads\/2026\/01\/nissan_top10_2025-720x405.jpg\" alt=\"\" width=\"720\" height=\"405\" class=\"aligncenter size-medium wp-image-1096857\"  \/><\/a><\/p>\n<p>Nissan recuperou relev\u00e2ncia em Portugal<\/p>\n<p>Conforme partilhado pela <a target=\"_blank\" href=\"https:\/\/pplware.sapo.pt\/tag\/nissan\/\" rel=\"nofollow noopener\">Nissan<\/a>, o ano de 2025 marcou um <strong>verdadeiro momento de consolida\u00e7\u00e3o<\/strong> para a marca, permitindo-lhe subir duas posi\u00e7\u00f5es no ranking nacional, de 11.\u00ba lugar em 2024 para 9.\u00ba lugar em 2025, e recuperar relev\u00e2ncia junto dos consumidores portugueses.<\/p>\n<p>Um dos principais motores deste crescimento foi, segundo a pr\u00f3pria marca, a <strong>aposta estrat\u00e9gica na inteiramente renovada tecnologia e-POWER<\/strong>, que se afirmou como uma solu\u00e7\u00e3o diferenciadora num mercado cada vez mais orientado para a eletrifica\u00e7\u00e3o, mas ainda sens\u00edvel \u00e0s limita\u00e7\u00f5es da autonomia el\u00e9trica tradicional.<\/p>\n<p>Al\u00e9m disso, o <strong>lan\u00e7amento do ve\u00edculo comercial Nissan PRIMASTAR<\/strong>, em Portugal, dispon\u00edvel em duas vers\u00f5es, para passageiros e para transporte de mercadorias, apoiou o crescimento da marca a n\u00edvel nacional.<\/p>\n<p>Em 2025, com a gama Juke, Qashqai e <a target=\"_blank\" href=\"https:\/\/pplware.sapo.pt\/motores\/silencio-conforto-e-tracao-eletrica-o-nissan-ariya-mostra-como-se-faz\/\" rel=\"nofollow noopener\">Ariya<\/a> totalmente dispon\u00edvel e atualizada, a marca conseguiu <strong>transformar essa estabilidade em crescimento sustentado<\/strong>, &#8220;confirmando a recupera\u00e7\u00e3o do seu estatuto de marca generalista de refer\u00eancia no mercado portugu\u00eas e refor\u00e7ando a sua capacidade de competir diretamente com os l\u00edderes do setor&#8221;.<\/p>\n<p>Estes resultados destacam n\u00e3o apenas o apelo dos modelos da marca, mas o <strong>compromisso da Nissan em oferecer ve\u00edculos que atendam \u00e0s necessidades de mobilidade moderna<\/strong>, com foco em inova\u00e7\u00e3o, sustentabilidade e design.<\/p>\n<p><a target=\"_blank\" href=\"https:\/\/pplware.sapo.pt\/wp-content\/uploads\/2025\/05\/novo_nissan_micra-20.jpg\" onclick=\"refreshIframe()\" class=\"foobox\" rel=\"nofollow noopener\"><img loading=\"lazy\" decoding=\"async\" src=\"https:\/\/www.europesays.com\/pt\/wp-content\/uploads\/2025\/12\/novo_nissan_micra-20-720x405.jpg\" alt=\"Nissan MICRA 100% el\u00e9trico\" width=\"720\" height=\"405\" class=\"aligncenter size-medium wp-image-1059150\"  \/><\/a><\/p>\n<p>2026 ser\u00e1 um ano de forte dinamismo<\/p>\n<p>Na perspetiva da marca, o ano de 2026 antev\u00ea-se igualmente muito positivo, em Portugal, com a <strong>chegada em for\u00e7a de dois modelos ic\u00f3nicos<\/strong> que prometem refor\u00e7ar ainda mais a competitividade da marca:<\/p>\n<ul>\n<li>O novo <strong>Nissan Micra<\/strong>, totalmente reinventado para a era da eletrifica\u00e7\u00e3o;<\/li>\n<li>A nova gera\u00e7\u00e3o do <strong>Nissan LEAF<\/strong>, um verdadeiro s\u00edmbolo da mobilidade el\u00e9trica a n\u00edvel global.<\/li>\n<\/ul>\n<p>Al\u00e9m disso, o <strong>Nissan X-TRAIL<\/strong> e o <strong>Nissan Ariya<\/strong> ser\u00e3o renovados.<\/p>\n<p>Paralelamente, a Nissan continuar\u00e1 a evoluir de forma significativa a sua tecnologia e-POWER, <strong>refor\u00e7ando efici\u00eancia, suavidade de condu\u00e7\u00e3o e desempenho<\/strong>, e &#8220;consolidando esta solu\u00e7\u00e3o como uma das propostas h\u00edbridas mais avan\u00e7adas e relevantes do mercado&#8221;.<\/p>\n<p>Esta combina\u00e7\u00e3o entre inova\u00e7\u00e3o tecnol\u00f3gica, renova\u00e7\u00e3o de produto e forte alinhamento com as necessidades do consumidor portugu\u00eas coloca a marca numa <strong>posi\u00e7\u00e3o privilegiada<\/strong> para sustentar o crescimento previsto para 2026.<\/p>\n","protected":false},"excerpt":{"rendered":"A Nissan encerrou o ano de 2025 com um desempenho s\u00f3lido e sustentado no mercado portugu\u00eas de ve\u00edculos&hellip;\n","protected":false},"author":2,"featured_media":218042,"comment_status":"","ping_status":"","sticky":false,"template":"","format":"standard","meta":{"footnotes":""},"categories":[83],"tags":[88,89,90,4703,3150,32,33],"class_list":{"0":"post-218041","1":"post","2":"type-post","3":"status-publish","4":"format-standard","5":"has-post-thumbnail","7":"category-empresas","8":"tag-business","9":"tag-economy","10":"tag-empresas","11":"tag-industria-automovel","12":"tag-nissan","13":"tag-portugal","14":"tag-pt"},"share_on_mastodon":{"url":"https:\/\/pubeurope.com\/@pt\/115850088579325803","error":""},"_links":{"self":[{"href":"https:\/\/www.europesays.com\/pt\/wp-json\/wp\/v2\/posts\/218041","targetHints":{"allow":["GET"]}}],"collection":[{"href":"https:\/\/www.europesays.com\/pt\/wp-json\/wp\/v2\/posts"}],"about":[{"href":"https:\/\/www.europesays.com\/pt\/wp-json\/wp\/v2\/types\/post"}],"author":[{"embeddable":true,"href":"https:\/\/www.europesays.com\/pt\/wp-json\/wp\/v2\/users\/2"}],"replies":[{"embeddable":true,"href":"https:\/\/www.europesays.com\/pt\/wp-json\/wp\/v2\/comments?post=218041"}],"version-history":[{"count":0,"href":"https:\/\/www.europesays.com\/pt\/wp-json\/wp\/v2\/posts\/218041\/revisions"}],"wp:featuredmedia":[{"embeddable":true,"href":"https:\/\/www.europesays.com\/pt\/wp-json\/wp\/v2\/media\/218042"}],"wp:attachment":[{"href":"https:\/\/www.europesays.com\/pt\/wp-json\/wp\/v2\/media?parent=218041"}],"wp:term":[{"taxonomy":"category","embeddable":true,"href":"https:\/\/www.europesays.com\/pt\/wp-json\/wp\/v2\/categories?post=218041"},{"taxonomy":"post_tag","embeddable":true,"href":"https:\/\/www.europesays.com\/pt\/wp-json\/wp\/v2\/tags?post=218041"}],"curies":[{"name":"wp","href":"https:\/\/api.w.org\/{rel}","templated":true}]}}