{"id":218051,"date":"2026-01-06T20:46:14","date_gmt":"2026-01-06T20:46:14","guid":{"rendered":"https:\/\/www.europesays.com\/pt\/218051\/"},"modified":"2026-01-06T20:46:14","modified_gmt":"2026-01-06T20:46:14","slug":"rtp-sofreu-enorme-pressao-para-nao-participar-na-eurovisao-diz-presidente-do-conselho-de-administracao","status":"publish","type":"post","link":"https:\/\/www.europesays.com\/pt\/218051\/","title":{"rendered":"RTP sofreu &#8220;enorme press\u00e3o&#8221; para n\u00e3o participar na Eurovis\u00e3o, diz presidente do conselho de administra\u00e7\u00e3o"},"content":{"rendered":"<p class=\"category\"><a href=\"https:\/\/sicnoticias.pt\/cultura\" rel=\"nofollow noopener\" target=\"_blank\">Cultura<\/a><\/p>\n<p>Nicolau Santos explicou que a RTP, em assembleia geral da Uni\u00e3o Europeia de Radiodifus\u00e3o, votou pela mudan\u00e7a do sistema de vota\u00e7\u00e3o, que permite ter maior transpar\u00eancia e maior controlo&#8221;. Se essa vota\u00e7\u00e3o se concretizasse positiva, a &#8220;Eurovis\u00e3o contaria com todos os que quisessem participar, incluindo Israel&#8221;.<\/p>\n<p><img decoding=\"async\" src=\"https:\/\/www.europesays.com\/pt\/wp-content\/uploads\/2026\/01\/1767732374_553_original.webp\" alt=\"Nicolau Santos, presidente do Conselho de Administra\u00e7\u00e3o da RTP\"\/><\/p>\n<p>Nicolau Santos, presidente do Conselho de Administra\u00e7\u00e3o da RTP<\/p>\n<p>ANTONIO PEDRO SANTOS\/Lusa<\/p>\n<p><strong>O presidente do Conselho de Administra\u00e7\u00e3o da RTP, Nicolau Santos, afirmou esta ter\u00e7a-feira que o \u00f3rg\u00e3o sofreu &#8220;uma enorme press\u00e3o&#8221; para n\u00e3o participar no festival da Eurovis\u00e3o por Israel estar presente.<\/strong><\/p>\n<blockquote><p>&#8220;A RTP foi <strong>sujeita a uma enorme press\u00e3o <\/strong>[&#8230;] para a RTP n\u00e3o participar do pr\u00f3ximo festival de Eurovis\u00e3o por causa de Israel estar presente&#8221;, disse Nicolau Santos na comiss\u00e3o parlamentar de Cultura, Comunica\u00e7\u00e3o, Juventude e Desporto, no \u00e2mbito da audi\u00e7\u00e3o do \u00f3rg\u00e3o.<\/p><\/blockquote>\n<p>O presidente referiu que &#8220;a RTP, em assembleia geral da EBU (Uni\u00e3o Europeia de Radiodifus\u00e3o), votou pela<strong> mudan\u00e7a do sistema de vota\u00e7\u00e3o<\/strong>, que permite ter maior transpar\u00eancia e maior controlo&#8221;, sendo que se essa vota\u00e7\u00e3o se concretizasse positiva a &#8220;Eurovis\u00e3o contaria com todos os que quisessem participar, incluindo Israel&#8221;.<\/p>\n<blockquote><p>&#8220;E a RTP associou-se e estar\u00e1 presente no festival da Eurovis\u00e3o&#8221;, disse.<\/p><\/blockquote>\n<p>As afirma\u00e7\u00f5es surgiram na sequ\u00eancia de uma quest\u00e3o colocada pelo Chega questionando a neutralidade da transmiss\u00e3o do concerto Juntos por Gaza.<\/p>\n","protected":false},"excerpt":{"rendered":"Cultura Nicolau Santos explicou que a RTP, em assembleia geral da Uni\u00e3o Europeia de Radiodifus\u00e3o, votou pela mudan\u00e7a&hellip;\n","protected":false},"author":2,"featured_media":218052,"comment_status":"","ping_status":"","sticky":false,"template":"","format":"standard","meta":{"footnotes":""},"categories":[142],"tags":[114,115,32,33,151],"class_list":{"0":"post-218051","1":"post","2":"type-post","3":"status-publish","4":"format-standard","5":"has-post-thumbnail","7":"category-tv","8":"tag-entertainment","9":"tag-entretenimento","10":"tag-portugal","11":"tag-pt","12":"tag-tv"},"share_on_mastodon":{"url":"https:\/\/pubeurope.com\/@pt\/115850116223263328","error":""},"_links":{"self":[{"href":"https:\/\/www.europesays.com\/pt\/wp-json\/wp\/v2\/posts\/218051","targetHints":{"allow":["GET"]}}],"collection":[{"href":"https:\/\/www.europesays.com\/pt\/wp-json\/wp\/v2\/posts"}],"about":[{"href":"https:\/\/www.europesays.com\/pt\/wp-json\/wp\/v2\/types\/post"}],"author":[{"embeddable":true,"href":"https:\/\/www.europesays.com\/pt\/wp-json\/wp\/v2\/users\/2"}],"replies":[{"embeddable":true,"href":"https:\/\/www.europesays.com\/pt\/wp-json\/wp\/v2\/comments?post=218051"}],"version-history":[{"count":0,"href":"https:\/\/www.europesays.com\/pt\/wp-json\/wp\/v2\/posts\/218051\/revisions"}],"wp:featuredmedia":[{"embeddable":true,"href":"https:\/\/www.europesays.com\/pt\/wp-json\/wp\/v2\/media\/218052"}],"wp:attachment":[{"href":"https:\/\/www.europesays.com\/pt\/wp-json\/wp\/v2\/media?parent=218051"}],"wp:term":[{"taxonomy":"category","embeddable":true,"href":"https:\/\/www.europesays.com\/pt\/wp-json\/wp\/v2\/categories?post=218051"},{"taxonomy":"post_tag","embeddable":true,"href":"https:\/\/www.europesays.com\/pt\/wp-json\/wp\/v2\/tags?post=218051"}],"curies":[{"name":"wp","href":"https:\/\/api.w.org\/{rel}","templated":true}]}}