{"id":218091,"date":"2026-01-06T21:16:07","date_gmt":"2026-01-06T21:16:07","guid":{"rendered":"https:\/\/www.europesays.com\/pt\/218091\/"},"modified":"2026-01-06T21:16:07","modified_gmt":"2026-01-06T21:16:07","slug":"liliana-volta-a-falar-com-o-ex-noivo-ze-e-ha-polemica-sera-que-o-fabio-sabe-primeira-companhia","status":"publish","type":"post","link":"https:\/\/www.europesays.com\/pt\/218091\/","title":{"rendered":"Liliana volta a falar com o ex-noivo Z\u00e9 e h\u00e1 pol\u00e9mica: \u00abSer\u00e1 que o F\u00e1bio sabe?\u00bb &#8211; Primeira Companhia"},"content":{"rendered":"<p>O drama entre<strong> Liliana <\/strong>e <strong>Z\u00e9<\/strong> continua a ganhar novos cap\u00edtulos fora da casa do <a href=\"https:\/\/tvi.iol.pt\/secretstory\/\" target=\"_blank\" rel=\"nofollow noopener\"><strong>Secret Story 9<\/strong><\/a>. Depois de ter estado no programa <a href=\"https:\/\/tvi.iol.pt\/doisas10\/\" target=\"_blank\" rel=\"nofollow noopener\"><strong>Dois \u00e0s 10<\/strong><\/a>, onde revelou mensagens enviadas pelo ex-noivo na noite da passagem de ano, surge agora uma nova reviravolta inesperada.<\/p>\n<p>Durante a rubrica \u201cNot\u00edcias dos Famosos\u201d, no programa Manh\u00e3 CM\u00a0desta ter\u00e7a-feira, 6 de janeiro, L\u00e9o Caeiro avan\u00e7ou com um exclusivo:<\/p>\n<p><strong>\u00abEu ontem tive oportunidade de falar com o Z\u00e9 (\u2026) e j\u00e1 sei que a Liliana j\u00e1 entrou em contacto com o Z\u00e9. A Liliana que, no programa onde esteve, disse que n\u00e3o tinha interesse em responder, j\u00e1 entrou em contacto com o Z\u00e9\u00bb<\/strong>, revelou.<\/p>\n<p>A informa\u00e7\u00e3o apanhou os comentadores de surpresa e levantou imediatamente outra quest\u00e3o: e o atual namorado? Alertado por Ricardo Martins Pereira, L\u00e9o lan\u00e7ou a provoca\u00e7\u00e3o: <strong>\u00abSer\u00e1 que o F\u00e1bio sabe? F\u00e1bio, se n\u00e3o sabes, ficas j\u00e1 a saber\u00bb<\/strong>.<\/p>\n<p>Quanto ao conte\u00fado da alegada resposta de Liliana, L\u00e9o Caeiro confessou que Z\u00e9 preferiu n\u00e3o revelar, garantindo apenas que ele n\u00e3o quis desvendar mais detalhes. Ainda assim, o comentador assumiu que considera positivo o facto de Liliana ter decidido responder.<\/p>\n<p>Recorde a entrevista de Liliana no Dois \u00e0s 10: <\/p>\n<p data-end=\"470\" data-start=\"116\">Liliana revelou que o ex-namorado lhe enviou uma mensagem horas antes da grande final.\u00a0<strong>\u00abEle mandou-me uma mensagem logo naquele dia, eram 20 horas da noite, eu ainda estava na casa. Disse-me para ter cuidado com aquilo que ia expor c\u00e1 fora e para pensar nele\u00bb,<\/strong> referiu. Mais tarde, Z\u00e9 ter\u00e1 voltado a enviar uma mensagem \u00e0 ex:\u00a0<strong>\u00abParab\u00e9ns pelo 3.\u00ba lugar, muito sucesso, aproveita a vida c\u00e1 fora\u00bb.<\/strong><\/p>\n<p data-end=\"470\" data-start=\"116\">Cristina Ferreira n\u00e3o escondeu a surpresa ao saber do conte\u00fado das mensagens.\u00a0<strong>\u00abNo fundo, primeiro disse-te: \u201cV\u00ea l\u00e1 o que dizes em rela\u00e7\u00e3o a n\u00f3s\u201d. E depois vieram os parab\u00e9ns\u00bb,<\/strong>\u00a0disse. <a href=\"https:\/\/tvi.iol.pt\/secretstory\/video\/pedro-jorge-ja-conhecia-liliana-antes-de-entrar-no-secret-story-a-marisa-pressentia-alguma-coisa\/6957af390cf28fe43049ba19\" rel=\"nofollow noopener\" target=\"_blank\">Liliana<\/a>\u00a0confirmou e mostrou-se indignada com o tom com que Z\u00e9 a abordou.\u00a0<strong>\u00abUma amea\u00e7a, entre aspas. N\u00e3o lhe respondi nem tenho inten\u00e7\u00f5es de responder. N\u00e3o percebi a mensagem\u00bb<\/strong>, prosseguiu.<\/p>\n<p>Pode ver tudo aqui: <\/p>\n<p><strong>Veja ainda:\u00a0<a href=\"https:\/\/tvi.iol.pt\/secretstory\/video\/liliana-sobre-relacao-com-fabio-a-minha-mae-disse-logo-que-o-problema-foi\/6957b0360cf25591337768a6\" rel=\"nofollow noopener\" target=\"_blank\">Liliana sobre rela\u00e7\u00e3o com F\u00e1bio: \u00abA minha m\u00e3e disse logo que o problema foi&#8230;\u00bb &#8211; Secret Story &#8211; TVI<\/a><\/strong><\/p>\n","protected":false},"excerpt":{"rendered":"O drama entre Liliana e Z\u00e9 continua a ganhar novos cap\u00edtulos fora da casa do Secret Story 9.&hellip;\n","protected":false},"author":2,"featured_media":218092,"comment_status":"","ping_status":"","sticky":false,"template":"","format":"standard","meta":{"footnotes":""},"categories":[142],"tags":[32685,6781,41432,2632,41409,328,114,115,19082,980,330,41431,32686,19016,338,32,40325,33,41430,25009,1315,151,162,975],"class_list":{"0":"post-218091","1":"post","2":"type-post","3":"status-publish","4":"format-standard","5":"has-post-thumbnail","7":"category-tv","8":"tag-1a-companhia","9":"tag-base","10":"tag-bucelas","11":"tag-casa-dos-segredos","12":"tag-comandante","13":"tag-concorrentes","14":"tag-entertainment","15":"tag-entretenimento","16":"tag-fabio","17":"tag-famosos","18":"tag-gala","19":"tag-instrutores","20":"tag-jose-moutinho","21":"tag-liliana","22":"tag-maria-botelho-moniz","23":"tag-portugal","24":"tag-primeira-companhia","25":"tag-pt","26":"tag-recruta","27":"tag-recrutas","28":"tag-secret-story","29":"tag-tv","30":"tag-tvi","31":"tag-ze"},"share_on_mastodon":{"url":"https:\/\/pubeurope.com\/@pt\/115850233922253025","error":""},"_links":{"self":[{"href":"https:\/\/www.europesays.com\/pt\/wp-json\/wp\/v2\/posts\/218091","targetHints":{"allow":["GET"]}}],"collection":[{"href":"https:\/\/www.europesays.com\/pt\/wp-json\/wp\/v2\/posts"}],"about":[{"href":"https:\/\/www.europesays.com\/pt\/wp-json\/wp\/v2\/types\/post"}],"author":[{"embeddable":true,"href":"https:\/\/www.europesays.com\/pt\/wp-json\/wp\/v2\/users\/2"}],"replies":[{"embeddable":true,"href":"https:\/\/www.europesays.com\/pt\/wp-json\/wp\/v2\/comments?post=218091"}],"version-history":[{"count":0,"href":"https:\/\/www.europesays.com\/pt\/wp-json\/wp\/v2\/posts\/218091\/revisions"}],"wp:featuredmedia":[{"embeddable":true,"href":"https:\/\/www.europesays.com\/pt\/wp-json\/wp\/v2\/media\/218092"}],"wp:attachment":[{"href":"https:\/\/www.europesays.com\/pt\/wp-json\/wp\/v2\/media?parent=218091"}],"wp:term":[{"taxonomy":"category","embeddable":true,"href":"https:\/\/www.europesays.com\/pt\/wp-json\/wp\/v2\/categories?post=218091"},{"taxonomy":"post_tag","embeddable":true,"href":"https:\/\/www.europesays.com\/pt\/wp-json\/wp\/v2\/tags?post=218091"}],"curies":[{"name":"wp","href":"https:\/\/api.w.org\/{rel}","templated":true}]}}