{"id":218093,"date":"2026-01-06T21:18:07","date_gmt":"2026-01-06T21:18:07","guid":{"rendered":"https:\/\/www.europesays.com\/pt\/218093\/"},"modified":"2026-01-06T21:18:07","modified_gmt":"2026-01-06T21:18:07","slug":"gisele-pelicot-sera-tema-de-novo-documentario-da-hbo-06-01-2026-ilustrada","status":"publish","type":"post","link":"https:\/\/www.europesays.com\/pt\/218093\/","title":{"rendered":"Gis\u00e8le Pelicot ser\u00e1 tema de novo document\u00e1rio da HBO &#8211; 06\/01\/2026 &#8211; Ilustrada"},"content":{"rendered":"<p><a href=\"https:\/\/www1.folha.uol.com.br\/mundo\/2024\/12\/entenda-caso-de-gisele-pelicot-dopada-e-estuprada-pelo-ex-marido-e-por-mais-de-50-desconhecidos.shtml\" rel=\"nofollow noopener\" target=\"\">Gis\u00e8le Pelicot<\/a>, a francesa que sobreviveu a uma d\u00e9cada de abusos orquestrados pelo pr\u00f3prio marido, ser\u00e1 tema de um <a href=\"https:\/\/www1.folha.uol.com.br\/folha-topicos\/documentario\/\" rel=\"nofollow noopener\" target=\"_blank\">document\u00e1rio<\/a> produzido pela <a href=\"https:\/\/www1.folha.uol.com.br\/folha-topicos\/max\/\" rel=\"nofollow noopener\" target=\"\">HBO<\/a>.<\/p>\n<p>O marido dopava a mulher e organizava estupros cometidos por dezenas de homens enquanto ela estava inconsciente. Em 2024, <a href=\"https:\/\/www1.folha.uol.com.br\/mundo\/2024\/11\/quem-sao-os-outros-50-acusados-no-estupro-em-massa-de-gisele-pelicot.shtml\" rel=\"nofollow noopener\" target=\"\">51 homens foram condenados<\/a> no caso, que se tornou um dos maiores julgamentos de viol\u00eancia sexual da <a href=\"https:\/\/www1.folha.uol.com.br\/folha-topicos\/franca\/\" rel=\"nofollow noopener\" target=\"_blank\">Fran\u00e7a<\/a>. Pelicot decidiu sair do anonimato e falar publicamente sobre o que lhe ocorreu, atraindo aten\u00e7\u00e3o mundial.<\/p>\n<p>O document\u00e1rio, ainda sem t\u00edtulo, acompanhar\u00e1 a hist\u00f3ria de Pelicot enquanto ela reconstr\u00f3i a pr\u00f3pria vida e mant\u00e9m o compromisso de defender sobreviventes de viol\u00eancia sexual.<\/p>\n<p>A dire\u00e7\u00e3o ser\u00e1 de Joanna Natasegara, vencedora do Oscar de <a href=\"https:\/\/www1.folha.uol.com.br\/paywall\/signup.shtml?https:\/\/www1.folha.uol.com.br\/ilustrada\/2017\/02\/1862225-oscar-revela-seus-vencedores-na-noite-deste-domingo-veja-lista.shtml\" rel=\"nofollow noopener\" target=\"\">melhor document\u00e1rio de curta-metragem<\/a> em 2017 por &#8220;Os Capacetes Brancos&#8221;, produ\u00e7\u00e3o que acompanha um grupo de volunt\u00e1rios que resgata civis em zonas de guerra.<\/p>\n<p>Natasegara afirmou, em nota, que &#8220;a decis\u00e3o de Gis\u00e8le de falar em nome de sobreviventes de viol\u00eancia sexual em todo o mundo \u00e9 um ato de coragem inspirador&#8221;. Segundo a diretora, o filme \u00e9 um testemunho de sua insist\u00eancia na dignidade e de sua recusa em ser definida pelos crimes cometidos contra ela. &#8220;Desde o dia em que soube de sua hist\u00f3ria, senti a responsabilidade de ajudar a cont\u00e1-la&#8221;, disse.<\/p>\n","protected":false},"excerpt":{"rendered":"Gis\u00e8le Pelicot, a francesa que sobreviveu a uma d\u00e9cada de abusos orquestrados pelo pr\u00f3prio marido, ser\u00e1 tema de&hellip;\n","protected":false},"author":2,"featured_media":218094,"comment_status":"","ping_status":"","sticky":false,"template":"","format":"standard","meta":{"footnotes":""},"categories":[140],"tags":[470,1414,114,115,4524,147,148,236,208,14061,1626,146,32,33,3482],"class_list":{"0":"post-218093","1":"post","2":"type-post","3":"status-publish","4":"format-standard","5":"has-post-thumbnail","7":"category-filmes","8":"tag-cinema","9":"tag-documentario","10":"tag-entertainment","11":"tag-entretenimento","12":"tag-estupro","13":"tag-film","14":"tag-filmes","15":"tag-folha","16":"tag-franca","17":"tag-gisele-pelicot","18":"tag-hbo","19":"tag-movies","20":"tag-portugal","21":"tag-pt","22":"tag-violencia-sexual"},"share_on_mastodon":{"url":"https:\/\/pubeurope.com\/@pt\/115850241920990693","error":""},"_links":{"self":[{"href":"https:\/\/www.europesays.com\/pt\/wp-json\/wp\/v2\/posts\/218093","targetHints":{"allow":["GET"]}}],"collection":[{"href":"https:\/\/www.europesays.com\/pt\/wp-json\/wp\/v2\/posts"}],"about":[{"href":"https:\/\/www.europesays.com\/pt\/wp-json\/wp\/v2\/types\/post"}],"author":[{"embeddable":true,"href":"https:\/\/www.europesays.com\/pt\/wp-json\/wp\/v2\/users\/2"}],"replies":[{"embeddable":true,"href":"https:\/\/www.europesays.com\/pt\/wp-json\/wp\/v2\/comments?post=218093"}],"version-history":[{"count":0,"href":"https:\/\/www.europesays.com\/pt\/wp-json\/wp\/v2\/posts\/218093\/revisions"}],"wp:featuredmedia":[{"embeddable":true,"href":"https:\/\/www.europesays.com\/pt\/wp-json\/wp\/v2\/media\/218094"}],"wp:attachment":[{"href":"https:\/\/www.europesays.com\/pt\/wp-json\/wp\/v2\/media?parent=218093"}],"wp:term":[{"taxonomy":"category","embeddable":true,"href":"https:\/\/www.europesays.com\/pt\/wp-json\/wp\/v2\/categories?post=218093"},{"taxonomy":"post_tag","embeddable":true,"href":"https:\/\/www.europesays.com\/pt\/wp-json\/wp\/v2\/tags?post=218093"}],"curies":[{"name":"wp","href":"https:\/\/api.w.org\/{rel}","templated":true}]}}