{"id":218097,"date":"2026-01-06T21:20:15","date_gmt":"2026-01-06T21:20:15","guid":{"rendered":"https:\/\/www.europesays.com\/pt\/218097\/"},"modified":"2026-01-06T21:20:15","modified_gmt":"2026-01-06T21:20:15","slug":"noticia-botucatu-antecipa-vacinacao-contra-a-dengue-e-convoca-populacao-a-se-proteger","status":"publish","type":"post","link":"https:\/\/www.europesays.com\/pt\/218097\/","title":{"rendered":"Not\u00edcia &#8211; Botucatu antecipa vacina\u00e7\u00e3o contra a dengue e convoca popula\u00e7\u00e3o a se proteger"},"content":{"rendered":"<p>Imuniza\u00e7\u00e3o ser\u00e1 realizada no dia 18 de janeiro por determina\u00e7\u00e3o do Minist\u00e9rio da Sa\u00fade e contempla, de forma in\u00e9dita, pessoas de 15 a 59 anos.<\/p>\n<p>Botucatu vai antecipar para o dia <strong>18 de janeiro (domingo)<\/strong> a vacina\u00e7\u00e3o contra a dengue, por recomenda\u00e7\u00e3o do Minist\u00e9rio da Sa\u00fade, que definiu a realiza\u00e7\u00e3o simult\u00e2nea da a\u00e7\u00e3o nos munic\u00edpios-piloto. A medida refor\u00e7a a urg\u00eancia da preven\u00e7\u00e3o e a import\u00e2ncia da ades\u00e3o da popula\u00e7\u00e3o diante do risco de avan\u00e7o da doen\u00e7a.<\/p>\n<p>\u00a0<\/p>\n<p>O Munic\u00edpio \u00e9 um dos poucos selecionados no Brasil para receber, de forma ampliada e estrat\u00e9gica, a vacina\u00e7\u00e3o contra a dengue <strong>para toda a popula\u00e7\u00e3o de 15 a 59 anos<\/strong>. No restante do pa\u00eds, a imuniza\u00e7\u00e3o ocorrer\u00e1 de maneira escalonada e priorit\u00e1ria para p\u00fablicos espec\u00edficos.<\/p>\n<p>\u00a0<\/p>\n<p>A vacina aplicada ser\u00e1 o primeiro imunizante de dose \u00fanica contra a dengue no mundo, com produ\u00e7\u00e3o 100% nacional e disponibiliza\u00e7\u00e3o exclusiva pelo Sistema \u00danico de Sa\u00fade (SUS). Estudos apontam 74,7% de efic\u00e1cia contra a dengue sintom\u00e1tica e 89% de prote\u00e7\u00e3o contra formas graves e com sinais de alarme, al\u00e9m de prote\u00e7\u00e3o contra os quatro sorotipos da doen\u00e7a.<\/p>\n<p>\u00a0<\/p>\n<p>A escolha do munic\u00edpio como um dos polos da estrat\u00e9gia nacional leva em considera\u00e7\u00e3o o <strong>sucesso de campanhas anteriores, como a vacina\u00e7\u00e3o contra a Covid-19<\/strong>, que resultou em impacto significativo na redu\u00e7\u00e3o de casos. Agora, a expectativa \u00e9 repetir esse resultado no combate \u00e0 dengue, especialmente em um momento cr\u00edtico, com risco iminente da circula\u00e7\u00e3o dos sorotipos 2, 3 e 4.<\/p>\n<p>\u00a0<\/p>\n<p>Por ser de dose \u00fanica, o imunizante facilita a ades\u00e3o da popula\u00e7\u00e3o e permite uma prote\u00e7\u00e3o mais r\u00e1pida e eficaz <strong>mesmo para quem j\u00e1 foi contaminado pela dengue<\/strong>, reduzindo a possibilidade de casos graves, interna\u00e7\u00f5es e \u00f3bitos. A vacina\u00e7\u00e3o \u00e9 hoje uma das principais armas para conter o avan\u00e7o da doen\u00e7a, especialmente durante o per\u00edodo de maior transmiss\u00e3o.<\/p>\n<p>\u00a0<\/p>\n<p>Para receber a vacina, \u00e9 fundamental que a popula\u00e7\u00e3o mantenha o cadastro atualizado na Unidade de Sa\u00fade de refer\u00eancia e leve no dia da vacina\u00e7\u00e3o documento com foto, preferencialmente CPF, Cart\u00e3o SUS e comprovante de endere\u00e7o. Em caso de d\u00favidas, os mun\u00edcipes devem procurar sua Unidade de Sa\u00fade para atualiza\u00e7\u00e3o cadastral.<\/p>\n<p>\u00a0<\/p>\n<p>J\u00e1 os adolescentes de 10 a 14 anos continuam com a vacina\u00e7\u00e3o dispon\u00edvel regularmente nas Unidades de Sa\u00fade.<\/p>\n<p>\u00a0<\/p>\n<p>Nos pr\u00f3ximos dias, a Prefeitura definir\u00e1 como ser\u00e1 a organiza\u00e7\u00e3o para a imuniza\u00e7\u00e3o em massa e divulgar\u00e1 o cronograma de a\u00e7\u00f5es.<\/p>\n","protected":false},"excerpt":{"rendered":"Imuniza\u00e7\u00e3o ser\u00e1 realizada no dia 18 de janeiro por determina\u00e7\u00e3o do Minist\u00e9rio da Sa\u00fade e contempla, de forma&hellip;\n","protected":false},"author":2,"featured_media":218098,"comment_status":"","ping_status":"","sticky":false,"template":"","format":"standard","meta":{"footnotes":""},"categories":[86],"tags":[34837,1300,116,5231,1133,32,3046,33,117],"class_list":{"0":"post-218097","1":"post","2":"type-post","3":"status-publish","4":"format-standard","5":"has-post-thumbnail","7":"category-saude","8":"tag-botucatu","9":"tag-cidade","10":"tag-health","11":"tag-municipal","12":"tag-noticia","13":"tag-portugal","14":"tag-prefeitura","15":"tag-pt","16":"tag-saude"},"share_on_mastodon":{"url":"https:\/\/pubeurope.com\/@pt\/115850249722646128","error":""},"_links":{"self":[{"href":"https:\/\/www.europesays.com\/pt\/wp-json\/wp\/v2\/posts\/218097","targetHints":{"allow":["GET"]}}],"collection":[{"href":"https:\/\/www.europesays.com\/pt\/wp-json\/wp\/v2\/posts"}],"about":[{"href":"https:\/\/www.europesays.com\/pt\/wp-json\/wp\/v2\/types\/post"}],"author":[{"embeddable":true,"href":"https:\/\/www.europesays.com\/pt\/wp-json\/wp\/v2\/users\/2"}],"replies":[{"embeddable":true,"href":"https:\/\/www.europesays.com\/pt\/wp-json\/wp\/v2\/comments?post=218097"}],"version-history":[{"count":0,"href":"https:\/\/www.europesays.com\/pt\/wp-json\/wp\/v2\/posts\/218097\/revisions"}],"wp:featuredmedia":[{"embeddable":true,"href":"https:\/\/www.europesays.com\/pt\/wp-json\/wp\/v2\/media\/218098"}],"wp:attachment":[{"href":"https:\/\/www.europesays.com\/pt\/wp-json\/wp\/v2\/media?parent=218097"}],"wp:term":[{"taxonomy":"category","embeddable":true,"href":"https:\/\/www.europesays.com\/pt\/wp-json\/wp\/v2\/categories?post=218097"},{"taxonomy":"post_tag","embeddable":true,"href":"https:\/\/www.europesays.com\/pt\/wp-json\/wp\/v2\/tags?post=218097"}],"curies":[{"name":"wp","href":"https:\/\/api.w.org\/{rel}","templated":true}]}}