{"id":218105,"date":"2026-01-06T21:24:08","date_gmt":"2026-01-06T21:24:08","guid":{"rendered":"https:\/\/www.europesays.com\/pt\/218105\/"},"modified":"2026-01-06T21:24:08","modified_gmt":"2026-01-06T21:24:08","slug":"operacao-venezuela-cuba-divulga-nomes-de-militares-mortos-durante-captura-de-maduro","status":"publish","type":"post","link":"https:\/\/www.europesays.com\/pt\/218105\/","title":{"rendered":"Opera\u00e7\u00e3o Venezuela. Cuba divulga nomes de militares mortos durante captura de Maduro"},"content":{"rendered":"<p>                Ap\u00f3s o an\u00fancio oficial do n\u00famero de militares venezuelanos e cubanos mortos no ataque dos Estados Unidos \u00e0 Venezuela, que culminou na captura do presidente Nicol\u00e1s Maduro e da sua esposa, as autoridades cubanas divulgaram esta ter\u00e7a-feira os nomes das v\u00edtimas mortais. <\/p>\n<p>S\u00e3o no total 55 os militares que protegiam o regime venezuelano e perderam a vida durante a captura de Maduro e Cilia Flores na capital venezuelana, durante a opera\u00e7\u00e3o americana da madrugada de 3 de janeiro. <\/p>\n<p>O ex\u00e9rcito venezuelano informou tamb\u00e9m esta ter\u00e7a-feira que 23 operacionais morreram no decorrer do ataque norte-americano a Caracas, avan\u00e7a a AFP, pouco antes de serem divulgados os nomes dos mortos cubanos.<\/p>\n<p>O primeiro balan\u00e7o oficial de mortos surgiu, no entanto, esta segunda-feira, quase 48 horas depois das explos\u00f5es americanas em solo venezuelano. O governo cubano revelou que 32 membros dos servi\u00e7os de seguran\u00e7a foram mortos durante a opera\u00e7\u00e3o de captura do presidente Maduro, totalizando 55 vidas perdidas em ambos os ex\u00e9rcitos na madrugada s\u00e1bado (final de noite de sexta-feira na Venezuela).<\/p>\n<p>Vladimir Padrino L\u00f3pez, ministro da Defesa da Venezuela, j\u00e1 tinha deixado acusa\u00e7\u00f5es contra as tropas dos Estados Unidos de terem assassinado a equipa de seguran\u00e7a do ex-presidente &#8220;a sangue-frio&#8221;.<\/p>\n<p>O governo do presidente cubano Miguel D\u00edaz-Canel afirma que as v\u00edtimas morreram \u201cem combate direto contra os atacantes ou em consequ\u00eancia dos bombardeios \u00e0s instala\u00e7\u00f5es\u201d, escreve a publica\u00e7\u00e3o Cubadebate. <\/p>\n<p>Os militares \u201ccumpriam miss\u00f5es em representa\u00e7\u00e3o das For\u00e7as Armadas Revolucion\u00e1rias e do Minist\u00e9rio do Interior\u201d, esclarece o governo cubano. Na sequ\u00eancia do an\u00fancio, D\u00edaz-Canal decretou dois dias de luto nacional pela morte dos militares.<\/p>\n<p>A opera\u00e7\u00e3o americana foi realizada em poucas horas na madrugada de 3 de janeiro, com o aux\u00edlio de 200 soldados e 150 aeronaves norte-americanas.<\/p>\n<p>Em Nova Iorque, Nicol\u00e1s Maduro e Cilia Flores estiveram em tribunal esta segunda-feira para responder a acusa\u00e7\u00f5es de narcoterrorismo, conspira\u00e7\u00e3o para a importa\u00e7\u00e3o de coca\u00edna e posse de metralhadoras e dispositivos destrutivos. A pr\u00f3xima sess\u00e3o est\u00e1 marcada para 17 de mar\u00e7o.&#13;\n            <\/p>\n","protected":false},"excerpt":{"rendered":"Ap\u00f3s o an\u00fancio oficial do n\u00famero de militares venezuelanos e cubanos mortos no ataque dos Estados Unidos \u00e0&hellip;\n","protected":false},"author":2,"featured_media":218106,"comment_status":"","ping_status":"","sticky":false,"template":"","format":"standard","meta":{"footnotes":""},"categories":[50],"tags":[27,28,15,16,14,25,26,21,22,62,12,13,19,20,23,24,420,421,17,18,29,30,31,63,64,65],"class_list":{"0":"post-218105","1":"post","2":"type-post","3":"status-publish","4":"format-standard","5":"has-post-thumbnail","7":"category-mundo","8":"tag-breaking-news","9":"tag-breakingnews","10":"tag-featured-news","11":"tag-featurednews","12":"tag-headlines","13":"tag-latest-news","14":"tag-latestnews","15":"tag-main-news","16":"tag-mainnews","17":"tag-mundo","18":"tag-news","19":"tag-noticias","20":"tag-noticias-principais","21":"tag-noticiasprincipais","22":"tag-principais-noticias","23":"tag-principaisnoticias","24":"tag-rtp","25":"tag-rtp-noticias","26":"tag-top-stories","27":"tag-topstories","28":"tag-ultimas","29":"tag-ultimas-noticias","30":"tag-ultimasnoticias","31":"tag-world","32":"tag-world-news","33":"tag-worldnews"},"share_on_mastodon":{"url":"https:\/\/pubeurope.com\/@pt\/115850265457212451","error":""},"_links":{"self":[{"href":"https:\/\/www.europesays.com\/pt\/wp-json\/wp\/v2\/posts\/218105","targetHints":{"allow":["GET"]}}],"collection":[{"href":"https:\/\/www.europesays.com\/pt\/wp-json\/wp\/v2\/posts"}],"about":[{"href":"https:\/\/www.europesays.com\/pt\/wp-json\/wp\/v2\/types\/post"}],"author":[{"embeddable":true,"href":"https:\/\/www.europesays.com\/pt\/wp-json\/wp\/v2\/users\/2"}],"replies":[{"embeddable":true,"href":"https:\/\/www.europesays.com\/pt\/wp-json\/wp\/v2\/comments?post=218105"}],"version-history":[{"count":0,"href":"https:\/\/www.europesays.com\/pt\/wp-json\/wp\/v2\/posts\/218105\/revisions"}],"wp:featuredmedia":[{"embeddable":true,"href":"https:\/\/www.europesays.com\/pt\/wp-json\/wp\/v2\/media\/218106"}],"wp:attachment":[{"href":"https:\/\/www.europesays.com\/pt\/wp-json\/wp\/v2\/media?parent=218105"}],"wp:term":[{"taxonomy":"category","embeddable":true,"href":"https:\/\/www.europesays.com\/pt\/wp-json\/wp\/v2\/categories?post=218105"},{"taxonomy":"post_tag","embeddable":true,"href":"https:\/\/www.europesays.com\/pt\/wp-json\/wp\/v2\/tags?post=218105"}],"curies":[{"name":"wp","href":"https:\/\/api.w.org\/{rel}","templated":true}]}}