{"id":218125,"date":"2026-01-06T21:37:10","date_gmt":"2026-01-06T21:37:10","guid":{"rendered":"https:\/\/www.europesays.com\/pt\/218125\/"},"modified":"2026-01-06T21:37:10","modified_gmt":"2026-01-06T21:37:10","slug":"jeronimo-martins-encerra-todas-as-lojas-de-chocolates-hussel-observador","status":"publish","type":"post","link":"https:\/\/www.europesays.com\/pt\/218125\/","title":{"rendered":"Jer\u00f3nimo Martins encerra todas as lojas de chocolates Hussel \u2013 Observador"},"content":{"rendered":"<p>A Jer\u00f3nimo Martins vai encerrar todas as lojas de chocolates e confeitaria Hussel. Em comunicado enviado esta ter\u00e7a-feira, a dona do Pingo Doce diz ter tomado a \u201cdecis\u00e3o dif\u00edcil\u201d de encerrar as lojas \u201cap\u00f3s profunda an\u00e1lise e aturados esfor\u00e7os para viabilizar a empresa\u201d. O encerramento das 18 lojas vai decorrer \u201cde forma progressiva at\u00e9 30 de abril de 2026\u201d, refere o grupo.<\/p>\n<p>\u201cO Grupo Jer\u00f3nimo Martins lamenta informar que, ap\u00f3s profunda an\u00e1lise e aturados esfor\u00e7os para viabilizar a empresa, que acabaram por n\u00e3o ser bem-sucedidos, tomou a dif\u00edcil decis\u00e3o de descontinuar a opera\u00e7\u00e3o da Hussel, uma cadeia especializada na comercializa\u00e7\u00e3o de chocolates e confeitaria em Portugal\u201d, l\u00ea-se na nota do grupo (que faz parte do capital do Observador atrav\u00e9s do Recheio).<\/p>\n<p>A dona do Pingo Doce garante que aos \u201ccolaboradores da Hussel foi garantida estabilidade de emprego numa das restantes Companhias do Grupo Jer\u00f3nimo Martins em Portugal\u201d.<\/p>\n<p>A decis\u00e3o de encerrar a marca \u201cdecorre de um conjunto de fatores, cujo impacto duradouro levou ao entendimento de estar-se perante uma <strong>situa\u00e7\u00e3o de insustentabilidade da empresa<\/strong> sem que existam fundadas perspetivas de reversibilidade\u201d.<\/p>\n<p>A Jer\u00f3nimo Martins explica que a\u00a0Hussel GmbH, parceiro alem\u00e3o de Jer\u00f3nimo Martins na Hussel, declarou insolv\u00eancia em 2024 \u201cno culminar de uma trajet\u00f3ria de graves dificuldades financeiras amplificadas pela pandemia por Covid-19\u201d. Esse processo \u201cacabou por p\u00f4r fim \u00e0 parceria em que assentava a opera\u00e7\u00e3o em Portugal, o que gerou problemas de abastecimento e de perda de escala\u201d, refere a JM.<\/p>\n<p>Al\u00e9m disso, \u201cnum contexto de forte subida dos custos \u2013 sobretudo os <strong>relacionados com rendas<\/strong> \u2013, estas dificuldades acabaram por revelar-se insan\u00e1veis\u201d. A maior parte das lojas Hussel est\u00e3o localizadas em centros comerciais.<\/p>\n<p>O grupo diz que tamb\u00e9m \u201cpesou muito a forte e continuada press\u00e3o sobre o pre\u00e7o do cacau induzida por uma combina\u00e7\u00e3o de fatores, com destaque para a queda da produ\u00e7\u00e3o nos grandes pa\u00edses produtores (quando a procura global continua a aumentar), o impacto das condi\u00e7\u00f5es climat\u00e9ricas adversas nas colheitas e a tend\u00eancia regulat\u00f3ria crescente (trazida designadamente pela anunciada aplica\u00e7\u00e3o do Regulamento Europeu Contra a Desfloresta\u00e7\u00e3o)\u201d.<\/p>\n<p>Nas contas de 2024, a Jer\u00f3nimo Martins j\u00e1 avisava para o \u201cano duro\u201d da Hussel. \u201cA Hussel atravessou um ano extremamente desafiante, marcado por negocia\u00e7\u00f5es comerciais mais complexas com os seus principais fornecedores\u201d, referia o grupo no relat\u00f3rio e contas de 2024. Nesse ano as vendas ca\u00edram 1,4% face ao anterior.<\/p>\n","protected":false},"excerpt":{"rendered":"A Jer\u00f3nimo Martins vai encerrar todas as lojas de chocolates e confeitaria Hussel. Em comunicado enviado esta ter\u00e7a-feira,&hellip;\n","protected":false},"author":2,"featured_media":218126,"comment_status":"","ping_status":"","sticky":false,"template":"","format":"standard","meta":{"footnotes":""},"categories":[83],"tags":[88,7233,476,89,90,42394,57,32,33,58],"class_list":{"0":"post-218125","1":"post","2":"type-post","3":"status-publish","4":"format-standard","5":"has-post-thumbnail","7":"category-empresas","8":"tag-business","9":"tag-comu00e9rcio","10":"tag-economia","11":"tag-economy","12":"tag-empresas","13":"tag-jeru00f3nimo-martins","14":"tag-pau00eds","15":"tag-portugal","16":"tag-pt","17":"tag-sociedade"},"share_on_mastodon":{"url":"https:\/\/pubeurope.com\/@pt\/115850316636473080","error":""},"_links":{"self":[{"href":"https:\/\/www.europesays.com\/pt\/wp-json\/wp\/v2\/posts\/218125","targetHints":{"allow":["GET"]}}],"collection":[{"href":"https:\/\/www.europesays.com\/pt\/wp-json\/wp\/v2\/posts"}],"about":[{"href":"https:\/\/www.europesays.com\/pt\/wp-json\/wp\/v2\/types\/post"}],"author":[{"embeddable":true,"href":"https:\/\/www.europesays.com\/pt\/wp-json\/wp\/v2\/users\/2"}],"replies":[{"embeddable":true,"href":"https:\/\/www.europesays.com\/pt\/wp-json\/wp\/v2\/comments?post=218125"}],"version-history":[{"count":0,"href":"https:\/\/www.europesays.com\/pt\/wp-json\/wp\/v2\/posts\/218125\/revisions"}],"wp:featuredmedia":[{"embeddable":true,"href":"https:\/\/www.europesays.com\/pt\/wp-json\/wp\/v2\/media\/218126"}],"wp:attachment":[{"href":"https:\/\/www.europesays.com\/pt\/wp-json\/wp\/v2\/media?parent=218125"}],"wp:term":[{"taxonomy":"category","embeddable":true,"href":"https:\/\/www.europesays.com\/pt\/wp-json\/wp\/v2\/categories?post=218125"},{"taxonomy":"post_tag","embeddable":true,"href":"https:\/\/www.europesays.com\/pt\/wp-json\/wp\/v2\/tags?post=218125"}],"curies":[{"name":"wp","href":"https:\/\/api.w.org\/{rel}","templated":true}]}}