{"id":218127,"date":"2026-01-06T21:38:14","date_gmt":"2026-01-06T21:38:14","guid":{"rendered":"https:\/\/www.europesays.com\/pt\/218127\/"},"modified":"2026-01-06T21:38:14","modified_gmt":"2026-01-06T21:38:14","slug":"cuba-colombia-mexico-e-gronelandia-os-outros-paises-na-mira-de-trump-diario-de-noticias","status":"publish","type":"post","link":"https:\/\/www.europesays.com\/pt\/218127\/","title":{"rendered":"Cuba, Col\u00f4mbia, M\u00e9xico e Gronel\u00e2ndia. Os outros pa\u00edses na mira de Trump &#8211; Di\u00e1rio de Not\u00edcias"},"content":{"rendered":"<ol>\n<li><a href=\"https:\/\/news.google.com\/rss\/articles\/CBMinAFBVV95cUxQcmVVTmQ1YmtjNFhnbnVNeFBlcF9YeWhiM2VEV09MNE5mNmxGUExiMmkwU0ZSSUhMbDRJYlJSS19CT1FqOWxNcWFBTnJmWEtaVG5aTmFvOHo5bmY3MXVjUE1XYzktVHJPZnN4LUtPbG9pU1VKRXFKS3dBYUdoc2VBSjBZYmZKN1hwYUJZTUF5N0VEYVZ6dmJoMXpON0c?oc=5\" target=\"_blank\" rel=\"nofollow noopener\">Cuba, Col\u00f4mbia, M\u00e9xico e Gronel\u00e2ndia. Os outros pa\u00edses na mira de Trump<\/a>&nbsp;&nbsp;Di\u00e1rio de Not\u00edcias<\/li>\n<li><a href=\"https:\/\/news.google.com\/rss\/articles\/CBMi3AFBVV95cUxQdFFxZDMwaVZxakhocm1RNlBaUWJNcG9iS2ZDdmlySU9hb2tsM0xLc053ejJSc2MxdUhiZUhOOTdaZ2JvQ21BdW9obzBtclBTUXVSWXBnS1lHejhwcXY4LW1taktpUnN6OGxtZDV4aFJadVFUT082T2xndm9QUVlUUnEwOFJQWWdyb24wVHlRVmdDVEllbXVROVZoR1dTZVpPcndXeUFKdlRuZ0ljRmNkNTF3dG9PTlJRTUVjWlpyYy1XOTZvVWFUWWFYRjNyYXkyU1ppMHNrYXBIRmha0gHrAUFVX3lxTE5pU2lBY3VrdWZfeTRSeDZjZEFuN2xPcGVicVpBZzlUUy1aM0d5NXVLb0ZSVmI1NTh0MlAxZjZxMTkyQ0JlRWtmUkZBOVFyYXFhdjYyajZ3c1QwejZqOXpxOWpZMDN1YVIyRkJveEFmclYwVF9YeXdPMVJ1anlPUy1EX2wyRlBmalFNeXRyWjFlUUpSeFlDZFhPQjRQLUlxZzdaQmx4N3RRUElPM0RHQ2dRNU1ZUjRzckx4c0tfZ2JuSk1hNHJzTk5GNjJNY1FkWk5XblphNkI2ek5SUDFLbmVYY2JQbVVpNGlqSUE?oc=5\" target=\"_blank\" rel=\"nofollow noopener\">Entenda por que Brasil avalia que Cuba \u00e9 o pa\u00eds com maior risco de nova interven\u00e7\u00e3o de Trump<\/a>&nbsp;&nbsp;O Globo<\/li>\n<li><a href=\"https:\/\/news.google.com\/rss\/articles\/CBMi2AFBVV95cUxNR2gwS1daQk5XbExvOWFNZ2xlY0JQLVVvREVCSG9NUDBmMTYzb2puQUVuaW9zeEJLQXg0c3lIUENjU1lJd3lnUGtpMTdnX0Y3elNfV1JUUE9JN1JEc3BkWGl4U1NLX3NURTlWMjhkSVhqSk5Oc3dwNHE3WjhubU1iYUpwN3RTSU9WZmtoeVo0Q3JIZjEtaG9hVjVWdGU1dGhHWGRUZjRUc1VCWGRoRHA5akZhLWViYlM0YmhuNnFsXzNwdGlJMkpxX2hVQUhVelNKaHJWU2RhLV8?oc=5\" target=\"_blank\" rel=\"nofollow noopener\">Acusado de ser narcotraficante, Petro diz que Trump tem &#8216;c\u00e9rebro senil&#8217;<\/a>&nbsp;&nbsp;UOL Not\u00edcias<\/li>\n<li><a href=\"https:\/\/news.google.com\/rss\/articles\/CBMiuAFBVV95cUxQb0FiS3ozOFhKQ20zY21JV21IenpsWXZKQlY4N2dKRmNxaEk5VjEtSmc4Nng1bEo3RmNsN2hVMHpPZ3ZoNlFtNGU2T1BJYU9wUHVIRUZFa1pfTjB1Y2c4LXgzeHBMWnNiSTg5RmZiS3p2dmphXzNsS1Y2OUd4RWdnaW5yc0pFbjE2dGRfYXdWNXkwU1FPZURhd2VubWpkaEs1Q3pLR3lIRzJrWkpHUmdXWm5hNTMtYlJK?oc=5\" target=\"_blank\" rel=\"nofollow noopener\">Chanceler da Col\u00f4mbia pede defesa do pa\u00eds contra poss\u00edvel invas\u00e3o dos EUA<\/a>&nbsp;&nbsp;CNN Brasil<\/li>\n<li><a href=\"https:\/\/news.google.com\/rss\/articles\/CBMi1AFBVV95cUxOYWhabWUtVzNsOXZtYktsSUMtSHpvQVMwV3QxNjYzUFhCTDdnRllCY3JtaVBPQmk0TWhOVV9EQ3VKWW9fa2Z0dDRpY3FvOFU5NEhSOEhjSU5ES3JucEloOWQtY0hlNlZkZEJnLW9qdDlUaDRiU0Z0Z1dOR3k5XzNxa1NFNnM3U2Fpc1gwQkN5UHgwblpXdjc1MFlMZWNRWGRZVlhOQmItZVNORndTZ1pvSlBEVXdqbWlmVGxFVXpYUThxejdLb2F4YXAyczZBYk1zN1djaA?oc=5\" target=\"_blank\" rel=\"nofollow noopener\">An\u00e1lise: direita deve vencer na Col\u00f4mbia; interven\u00e7\u00e3o americana agora seria contraproducente<\/a>&nbsp;&nbsp;R7<\/li>\n<\/ol>\n","protected":false},"excerpt":{"rendered":"Cuba, Col\u00f4mbia, M\u00e9xico e Gronel\u00e2ndia. Os outros pa\u00edses na mira de Trump&nbsp;&nbsp;Di\u00e1rio de Not\u00edcias Entenda por que Brasil&hellip;\n","protected":false},"author":2,"featured_media":218128,"comment_status":"","ping_status":"","sticky":false,"template":"","format":"standard","meta":{"footnotes":""},"categories":[50],"tags":[27,28,8292,2535,92,306,413,15,16,13033,14,82,25,26,21,22,1872,62,12,13,19,20,23,24,17,18,29,30,31,63,64,65],"class_list":{"0":"post-218127","1":"post","2":"type-post","3":"status-publish","4":"format-standard","5":"has-post-thumbnail","7":"category-mundo","8":"tag-breaking-news","9":"tag-breakingnews","10":"tag-colombia","11":"tag-cuba","12":"tag-donald-trump","13":"tag-edicao-impressa","14":"tag-eua","15":"tag-featured-news","16":"tag-featurednews","17":"tag-gronelandia","18":"tag-headlines","19":"tag-internacional","20":"tag-latest-news","21":"tag-latestnews","22":"tag-main-news","23":"tag-mainnews","24":"tag-mexico","25":"tag-mundo","26":"tag-news","27":"tag-noticias","28":"tag-noticias-principais","29":"tag-noticiasprincipais","30":"tag-principais-noticias","31":"tag-principaisnoticias","32":"tag-top-stories","33":"tag-topstories","34":"tag-ultimas","35":"tag-ultimas-noticias","36":"tag-ultimasnoticias","37":"tag-world","38":"tag-world-news","39":"tag-worldnews"},"share_on_mastodon":{"url":"","error":"Validation failed: Text character limit of 500 exceeded"},"_links":{"self":[{"href":"https:\/\/www.europesays.com\/pt\/wp-json\/wp\/v2\/posts\/218127","targetHints":{"allow":["GET"]}}],"collection":[{"href":"https:\/\/www.europesays.com\/pt\/wp-json\/wp\/v2\/posts"}],"about":[{"href":"https:\/\/www.europesays.com\/pt\/wp-json\/wp\/v2\/types\/post"}],"author":[{"embeddable":true,"href":"https:\/\/www.europesays.com\/pt\/wp-json\/wp\/v2\/users\/2"}],"replies":[{"embeddable":true,"href":"https:\/\/www.europesays.com\/pt\/wp-json\/wp\/v2\/comments?post=218127"}],"version-history":[{"count":0,"href":"https:\/\/www.europesays.com\/pt\/wp-json\/wp\/v2\/posts\/218127\/revisions"}],"wp:featuredmedia":[{"embeddable":true,"href":"https:\/\/www.europesays.com\/pt\/wp-json\/wp\/v2\/media\/218128"}],"wp:attachment":[{"href":"https:\/\/www.europesays.com\/pt\/wp-json\/wp\/v2\/media?parent=218127"}],"wp:term":[{"taxonomy":"category","embeddable":true,"href":"https:\/\/www.europesays.com\/pt\/wp-json\/wp\/v2\/categories?post=218127"},{"taxonomy":"post_tag","embeddable":true,"href":"https:\/\/www.europesays.com\/pt\/wp-json\/wp\/v2\/tags?post=218127"}],"curies":[{"name":"wp","href":"https:\/\/api.w.org\/{rel}","templated":true}]}}