{"id":218158,"date":"2026-01-06T22:01:08","date_gmt":"2026-01-06T22:01:08","guid":{"rendered":"https:\/\/www.europesays.com\/pt\/218158\/"},"modified":"2026-01-06T22:01:08","modified_gmt":"2026-01-06T22:01:08","slug":"em-direto-sporting-1-0-vitoria-2-a-parte","status":"publish","type":"post","link":"https:\/\/www.europesays.com\/pt\/218158\/","title":{"rendered":"Em direto: Sporting 1-0 Vit\u00f3ria (2.\u00aa parte)"},"content":{"rendered":"\n<p>\n    \ud83d\udfe2\u26aa Onze do Sporting\n  <\/p>\n<p>Rui Silva, Fresneda, Quaresma, Matheus Reis, Maxi; Jo\u00e3o Sim\u00f5es, Hjulmand; Trinc\u00e3o, Ioannidis, Fl\u00e1vio Gon\u00e7alves; Luis Su\u00e1rez<\/p>\n<p> <strong style=\"color:#007f3d;font-weight:bold;\">Suplentes<\/strong>\u00a0Jo\u00e3o Virg\u00ednia, Morita, Vagiannidis, Kochorashvili, Daniel Bragan\u00e7a, Alisson, Rodrigo Ribeiro, Luis Guilherme, R\u00f4mulo Junior\n  <\/p>\n<p>\n    \u26ab\u26aa Onze do Vit\u00f3ria\n  <\/p>\n<p>Charles, Tony Strata, Abascal, N\u00f3brega, Jo\u00e3o Mendes; Gon\u00e7alo Nogueira, Beni Mukendi, Diogo Sousa; Oumar Camara, N\u00e9lson Oliveira e Noah Saviolo<\/p>\n<p> <strong style=\"color:#000000;font-weight:bold;\">Suplentes<\/strong>\u00a0Juan Castillo, Miguel Maga, Matija Mitrovic, Rodrigo Duarte, Telmo Arcanjo, Samu, Fabio Gomez, Thiago Balieiro e Alioune Ndoye\n  <\/p>\n","protected":false},"excerpt":{"rendered":"\ud83d\udfe2\u26aa Onze do Sporting Rui Silva, Fresneda, Quaresma, Matheus Reis, Maxi; Jo\u00e3o Sim\u00f5es, Hjulmand; Trinc\u00e3o, Ioannidis, Fl\u00e1vio Gon\u00e7alves;&hellip;\n","protected":false},"author":2,"featured_media":218159,"comment_status":"","ping_status":"","sticky":false,"template":"","format":"standard","meta":{"footnotes":""},"categories":[87],"tags":[609,836,611,27,607,608,333,832,604,135,610,476,301,830,603,570,831,833,25512,62,834,13,835,602,52,32,33,134,42397,29],"class_list":{"0":"post-218158","1":"post","2":"type-post","3":"status-publish","4":"format-standard","5":"has-post-thumbnail","7":"category-desporto","8":"tag-alerta","9":"tag-analise","10":"tag-ao-minuto","11":"tag-breaking-news","12":"tag-cnn","13":"tag-cnn-portugal","14":"tag-comentadores","15":"tag-costa","16":"tag-crime","17":"tag-desporto","18":"tag-direto","19":"tag-economia","20":"tag-governo","21":"tag-guerra","22":"tag-justica","23":"tag-live","24":"tag-mais-vistas","25":"tag-marcelo","26":"tag-meias-finais","27":"tag-mundo","28":"tag-negocios","29":"tag-noticias","30":"tag-opiniao","31":"tag-pais","32":"tag-politica","33":"tag-portugal","34":"tag-pt","35":"tag-sports","36":"tag-taca-da-liga-sporting-vitoria-guimaraes","37":"tag-ultimas"},"share_on_mastodon":{"url":"https:\/\/pubeurope.com\/@pt\/115850411057044879","error":""},"_links":{"self":[{"href":"https:\/\/www.europesays.com\/pt\/wp-json\/wp\/v2\/posts\/218158","targetHints":{"allow":["GET"]}}],"collection":[{"href":"https:\/\/www.europesays.com\/pt\/wp-json\/wp\/v2\/posts"}],"about":[{"href":"https:\/\/www.europesays.com\/pt\/wp-json\/wp\/v2\/types\/post"}],"author":[{"embeddable":true,"href":"https:\/\/www.europesays.com\/pt\/wp-json\/wp\/v2\/users\/2"}],"replies":[{"embeddable":true,"href":"https:\/\/www.europesays.com\/pt\/wp-json\/wp\/v2\/comments?post=218158"}],"version-history":[{"count":0,"href":"https:\/\/www.europesays.com\/pt\/wp-json\/wp\/v2\/posts\/218158\/revisions"}],"wp:featuredmedia":[{"embeddable":true,"href":"https:\/\/www.europesays.com\/pt\/wp-json\/wp\/v2\/media\/218159"}],"wp:attachment":[{"href":"https:\/\/www.europesays.com\/pt\/wp-json\/wp\/v2\/media?parent=218158"}],"wp:term":[{"taxonomy":"category","embeddable":true,"href":"https:\/\/www.europesays.com\/pt\/wp-json\/wp\/v2\/categories?post=218158"},{"taxonomy":"post_tag","embeddable":true,"href":"https:\/\/www.europesays.com\/pt\/wp-json\/wp\/v2\/tags?post=218158"}],"curies":[{"name":"wp","href":"https:\/\/api.w.org\/{rel}","templated":true}]}}