{"id":218171,"date":"2026-01-06T22:12:09","date_gmt":"2026-01-06T22:12:09","guid":{"rendered":"https:\/\/www.europesays.com\/pt\/218171\/"},"modified":"2026-01-06T22:12:09","modified_gmt":"2026-01-06T22:12:09","slug":"ex-concorrente-de-peso-arrasa-postura-de-pedro-barroso-na-1a-companhia-rispidez-e-arrogancia-primeira-companhia","status":"publish","type":"post","link":"https:\/\/www.europesays.com\/pt\/218171\/","title":{"rendered":"Ex-concorrente de peso arrasa postura de Pedro Barroso na 1\u00aa Companhia: \u00abRispidez e arrog\u00e2ncia\u00bb &#8211; Primeira Companhia"},"content":{"rendered":"<p data-end=\"608\" data-start=\"247\"><strong>Tiago Rufino, vencedor do Secret Story<\/strong>, recorreu \u00e0s redes sociais para partilhar uma<strong> opini\u00e3o contundente sobre Pedro Barroso<\/strong>, ator e atual concorrente do programa <strong>Primeira Companhia, da TVI<\/strong>. O coment\u00e1rio surgiu ap\u00f3s a entrada do ator no formato e baseia-se, segundo o pr\u00f3prio, em \u201cprimeiras impress\u00f5es\u201d.<\/p>\n<p data-end=\"1090\" data-start=\"610\">Numa partilha feita atrav\u00e9s de um story, Tiago Rufino come\u00e7ou por ressalvar que a sua an\u00e1lise ocorre numa fase ainda inicial do programa e que as perce\u00e7\u00f5es<strong> \u201cpodem e devem mudar ao longo do tempo<\/strong>\u201d. Ainda assim, n\u00e3o escondeu o desagrado em rela\u00e7\u00e3o \u00e0 postura de Pedro Barroso, afirmando que n\u00e3o apreciou a sua atitude e que n\u00e3o conseguiu perceber se o concorrente estaria a tentar ser ir\u00f3nico ou engra\u00e7ado, ou se a postura revelada foi simplesmente \u201cum pouco rabugenta ou grosseira\u201d.<\/p>\n<p data-end=\"1482\" data-start=\"1092\">O ex-concorrente refor\u00e7ou posteriormente a sua posi\u00e7\u00e3o, sublinhando que j\u00e1 tinha partilhado essa opini\u00e3o aquando da entrada do ator no programa e que, at\u00e9 ao momento, mant\u00e9m a mesma vis\u00e3o<strong>. Tiago Rufino aponta ainda aquilo que considera ser um discurso excessivamente calculado, <\/strong>acusando Pedro Barroso de tentar camuflar \u201crispidez e arrog\u00e2ncia\u201d atrav\u00e9s de palavras cuidadosamente escolhidas.<\/p>\n<p data-end=\"1902\" data-start=\"1484\">Apesar da cr\u00edtica dura, Tiago fez quest\u00e3o de esclarecer que respeita opini\u00f5es divergentes e que n\u00e3o se considera dono da verdade. \u201c\u00c9 assim que sinto\u201d, escreveu, acrescentando que teme que determinados comportamentos possam vir a revelar-se com o avan\u00e7ar do jogo. Ainda assim, terminou a sua reflex\u00e3o com uma nota mais conciliadora, afirmando n\u00e3o desejar mal ao concorrente e manifestando a esperan\u00e7a de estar enganado.<\/p>\n<p data-end=\"2231\" data-start=\"1904\">As declara\u00e7\u00f5es n\u00e3o passaram despercebidas e rapidamente geraram rea\u00e7\u00f5es nas redes sociais, dividindo os seguidores entre quem concorda com a leitura feita por Tiago Rufino e quem defende Pedro Barroso.<\/p>\n<p style=\"text-align:center\"><img loading=\"lazy\" decoding=\"async\" alt=\"\" height=\"710\" src=\"https:\/\/www.europesays.com\/pt\/wp-content\/uploads\/2026\/01\/1767737529_895_1000.webp\" width=\"400\"\/><\/p>\n","protected":false},"excerpt":{"rendered":"Tiago Rufino, vencedor do Secret Story, recorreu \u00e0s redes sociais para partilhar uma opini\u00e3o contundente sobre Pedro Barroso,&hellip;\n","protected":false},"author":2,"featured_media":218172,"comment_status":"","ping_status":"","sticky":false,"template":"","format":"standard","meta":{"footnotes":""},"categories":[142],"tags":[41536,3883,114,115,18705,17787,32,33,2162,151,41535],"class_list":{"0":"post-218171","1":"post","2":"type-post","3":"status-publish","4":"format-standard","5":"has-post-thumbnail","7":"category-tv","8":"tag-bastidores-da-recruta","9":"tag-criticas","10":"tag-entertainment","11":"tag-entretenimento","12":"tag-entrevistas-concorrentes-tvi","13":"tag-pedro-barroso","14":"tag-portugal","15":"tag-pt","16":"tag-tiago-rufino","17":"tag-tv","18":"tag-vida-fora-da-base"},"share_on_mastodon":{"url":"https:\/\/pubeurope.com\/@pt\/115850454257445403","error":""},"_links":{"self":[{"href":"https:\/\/www.europesays.com\/pt\/wp-json\/wp\/v2\/posts\/218171","targetHints":{"allow":["GET"]}}],"collection":[{"href":"https:\/\/www.europesays.com\/pt\/wp-json\/wp\/v2\/posts"}],"about":[{"href":"https:\/\/www.europesays.com\/pt\/wp-json\/wp\/v2\/types\/post"}],"author":[{"embeddable":true,"href":"https:\/\/www.europesays.com\/pt\/wp-json\/wp\/v2\/users\/2"}],"replies":[{"embeddable":true,"href":"https:\/\/www.europesays.com\/pt\/wp-json\/wp\/v2\/comments?post=218171"}],"version-history":[{"count":0,"href":"https:\/\/www.europesays.com\/pt\/wp-json\/wp\/v2\/posts\/218171\/revisions"}],"wp:featuredmedia":[{"embeddable":true,"href":"https:\/\/www.europesays.com\/pt\/wp-json\/wp\/v2\/media\/218172"}],"wp:attachment":[{"href":"https:\/\/www.europesays.com\/pt\/wp-json\/wp\/v2\/media?parent=218171"}],"wp:term":[{"taxonomy":"category","embeddable":true,"href":"https:\/\/www.europesays.com\/pt\/wp-json\/wp\/v2\/categories?post=218171"},{"taxonomy":"post_tag","embeddable":true,"href":"https:\/\/www.europesays.com\/pt\/wp-json\/wp\/v2\/tags?post=218171"}],"curies":[{"name":"wp","href":"https:\/\/api.w.org\/{rel}","templated":true}]}}