{"id":218189,"date":"2026-01-06T22:30:10","date_gmt":"2026-01-06T22:30:10","guid":{"rendered":"https:\/\/www.europesays.com\/pt\/218189\/"},"modified":"2026-01-06T22:30:10","modified_gmt":"2026-01-06T22:30:10","slug":"manchester-city-sela-contratacao-por-75-milhoes-de-euros","status":"publish","type":"post","link":"https:\/\/www.europesays.com\/pt\/218189\/","title":{"rendered":"Manchester City sela contrata\u00e7\u00e3o por 75 milh\u00f5es de euros"},"content":{"rendered":"<p>&#8211; Advertisement &#8211;<\/p>\n<p><strong>Antoine Semenyo prepara-se para deixar de ser jogador do Manchester City. O extremo vai abandonar o Bournemouth em breve.<\/strong><\/p>\n<p>O Manchester City tem tudo fechado para garantir a contrata\u00e7\u00e3o de Antoine Semenyo ao Bournemouth por 75 milh\u00f5es de euros. A informa\u00e7\u00e3o est\u00e1 a ser avan\u00e7ada pela Sky Sports, que indica que o jogador vai realizar exames m\u00e9dicos na quinta-feira.<\/p>\n<p>Antoine Semenyo de 25 anos tem sido um dos destaques da Premier League nas \u00faltimas temporadas. O extremo de 25 anos \u00e9 o destaque da forma\u00e7\u00e3o orientada por <a href=\"https:\/\/bolanarede.pt\/etiqueta\/andoni-iraola\/\" target=\"_blank\" rel=\"noreferrer noopener nofollow\">Andoni Iraola<\/a> e na presente \u00e9poca soma 20 encontros, com nove golos marcados e tr\u00eas assist\u00eancias.<\/p>\n<p>O gan\u00eas fez a sua forma\u00e7\u00e3o no Bristol City, onde se conseguiu destacar, dando o salto para o Bournemouth em janeiro de 2023, por puco mais de 10 milh\u00f5es de euros.<\/p>\n<blockquote class=\"twitter-tweet\" data-width=\"550\" data-dnt=\"true\">\n<p lang=\"pt\" dir=\"ltr\">\ud83d\udea8\ud83d\udea8 Antoine Semenyo est\u00e1 a caminho do Manchester City por 75 MILH\u00d5ES DE EUROS, revela a \u2018Sky Sports.<br \/>O avan\u00e7ado de 25 anos tem agendados exames m\u00e9dicos para quinta-feira, adianta a mesma fonte. <a href=\"https:\/\/t.co\/CjPU3T2f0q\" rel=\"nofollow\">pic.twitter.com\/CjPU3T2f0q<\/a><\/p>\n<p>\u2014 Di\u00e1rio de Transfer\u00eancias (@DTransferencias) <a href=\"https:\/\/twitter.com\/DTransferencias\/status\/2008579838265926019?ref_src=twsrc%5Etfw\" rel=\"nofollow noopener\" target=\"_blank\">January 6, 2026<\/a><\/p><\/blockquote>\n<p><script async src=\"https:\/\/platform.twitter.com\/widgets.js\" charset=\"utf-8\"><\/script><\/p>\n","protected":false},"excerpt":{"rendered":"&#8211; Advertisement &#8211; Antoine Semenyo prepara-se para deixar de ser jogador do Manchester City. O extremo vai abandonar&hellip;\n","protected":false},"author":2,"featured_media":69335,"comment_status":"","ping_status":"","sticky":false,"template":"","format":"standard","meta":{"footnotes":""},"categories":[87],"tags":[42404,260,135,478,1382,32,666,33,134],"class_list":{"0":"post-218189","1":"post","2":"type-post","3":"status-publish","4":"format-standard","5":"has-post-thumbnail","7":"category-desporto","8":"tag-antoine-semenyo","9":"tag-atualidade","10":"tag-desporto","11":"tag-destaques-bnr","12":"tag-manchester-city","13":"tag-portugal","14":"tag-premier-league","15":"tag-pt","16":"tag-sports"},"share_on_mastodon":{"url":"https:\/\/pubeurope.com\/@pt\/115850524975323378","error":""},"_links":{"self":[{"href":"https:\/\/www.europesays.com\/pt\/wp-json\/wp\/v2\/posts\/218189","targetHints":{"allow":["GET"]}}],"collection":[{"href":"https:\/\/www.europesays.com\/pt\/wp-json\/wp\/v2\/posts"}],"about":[{"href":"https:\/\/www.europesays.com\/pt\/wp-json\/wp\/v2\/types\/post"}],"author":[{"embeddable":true,"href":"https:\/\/www.europesays.com\/pt\/wp-json\/wp\/v2\/users\/2"}],"replies":[{"embeddable":true,"href":"https:\/\/www.europesays.com\/pt\/wp-json\/wp\/v2\/comments?post=218189"}],"version-history":[{"count":0,"href":"https:\/\/www.europesays.com\/pt\/wp-json\/wp\/v2\/posts\/218189\/revisions"}],"wp:featuredmedia":[{"embeddable":true,"href":"https:\/\/www.europesays.com\/pt\/wp-json\/wp\/v2\/media\/69335"}],"wp:attachment":[{"href":"https:\/\/www.europesays.com\/pt\/wp-json\/wp\/v2\/media?parent=218189"}],"wp:term":[{"taxonomy":"category","embeddable":true,"href":"https:\/\/www.europesays.com\/pt\/wp-json\/wp\/v2\/categories?post=218189"},{"taxonomy":"post_tag","embeddable":true,"href":"https:\/\/www.europesays.com\/pt\/wp-json\/wp\/v2\/tags?post=218189"}],"curies":[{"name":"wp","href":"https:\/\/api.w.org\/{rel}","templated":true}]}}