{"id":218215,"date":"2026-01-06T22:49:07","date_gmt":"2026-01-06T22:49:07","guid":{"rendered":"https:\/\/www.europesays.com\/pt\/218215\/"},"modified":"2026-01-06T22:49:07","modified_gmt":"2026-01-06T22:49:07","slug":"tem-de-ganhar-eleicoes-se-nao-encontrarao-motivo-para-me-destituir","status":"publish","type":"post","link":"https:\/\/www.europesays.com\/pt\/218215\/","title":{"rendered":"T\u00eam de ganhar elei\u00e7\u00f5es. Se n\u00e3o, encontrar\u00e3o motivo para me destituir"},"content":{"rendered":"<p>&#8220;Precisam de ganhar as elei\u00e7\u00f5es intercalares, porque se n\u00e3o ganharmos eles encontrar\u00e3o um motivo para me destituir&#8221;, explicou Trump, num discurso de mais de uma hora perante membros do Partido Republicano, repetindo que os democratas &#8220;v\u00e3o destitu\u00ed-lo&#8221;.<\/p>\n<p>Trump &#8211; o \u00fanico Presidente norte-americano a ter enfrentado dois processos de &#8216;impeachment&#8217; no seu primeiro mandato &#8211; acusou ainda os democratas de serem &#8220;maus e inteligentes&#8221;, insistindo que o ex-presidente Joe Biden deveria ter sido alvo de destitui\u00e7\u00e3o &#8220;por uma centena de raz\u00f5es diferentes&#8221;.<\/p>\n<p>Nas presidenciais de 2024, os republicanos conquistaram o controlo de ambas as c\u00e2maras do Congresso, permitindo avan\u00e7ar com a agenda de um segundo mandato de Trump, incluindo medidas controversas como cortes no financiamento de programas de sa\u00fade.<\/p>\n<p>Uma eventual maioria democrata nas intercalares poder\u00e1 dificultar a implementa\u00e7\u00e3o das pol\u00edticas da atual administra\u00e7\u00e3o, face \u00e0s profundas diverg\u00eancias da oposi\u00e7\u00e3o em rela\u00e7\u00e3o ao Presidente e ao seu Governo.<\/p>\n<p>Os dois processos de destitui\u00e7\u00e3o enfrentados por Trump foram iniciados na C\u00e2mara dos Representantes, ent\u00e3o sob controlo democrata, tendo o primeiro ocorrido entre 2019 e 2020, por abuso de poder e obstru\u00e7\u00e3o do Congresso, relacionado com press\u00f5es sobre a Ucr\u00e2nia.<\/p>\n<p>O segundo processo, em 2021, acusou Trump de &#8220;incitamento \u00e0 insurrei\u00e7\u00e3o&#8221; pelo seu papel nos acontecimentos de 6 de janeiro de 2021, quando apoiantes invadiram o Capit\u00f3lio, tendo sido absolvido em ambos os casos por um Senado dominado pelos republicanos.<\/p>\n<p>Leia Tamb\u00e9m: <a href=\"https:\/\/www.noticiasaominuto.com\/mundo\/2914627\/eua-precisam-da-gronelandia-mas-ataque-era-fim-de-tudo-que-se-diz\" target=\"_blank\" rel=\"noopener noreferrer nofollow\">EUA &#8220;precisam da Gronel\u00e2ndia&#8221;, mas ataque era &#8220;fim de tudo&#8221;. Que se diz?<\/a><\/p>\n","protected":false},"excerpt":{"rendered":"&#8220;Precisam de ganhar as elei\u00e7\u00f5es intercalares, porque se n\u00e3o ganharmos eles encontrar\u00e3o um motivo para me destituir&#8221;, explicou&hellip;\n","protected":false},"author":2,"featured_media":218216,"comment_status":"","ping_status":"","sticky":false,"template":"","format":"standard","meta":{"footnotes":""},"categories":[50],"tags":[27,28,15,16,14,25,26,21,22,62,12,13,19,20,23,24,17,18,29,30,31,63,64,65],"class_list":{"0":"post-218215","1":"post","2":"type-post","3":"status-publish","4":"format-standard","5":"has-post-thumbnail","7":"category-mundo","8":"tag-breaking-news","9":"tag-breakingnews","10":"tag-featured-news","11":"tag-featurednews","12":"tag-headlines","13":"tag-latest-news","14":"tag-latestnews","15":"tag-main-news","16":"tag-mainnews","17":"tag-mundo","18":"tag-news","19":"tag-noticias","20":"tag-noticias-principais","21":"tag-noticiasprincipais","22":"tag-principais-noticias","23":"tag-principaisnoticias","24":"tag-top-stories","25":"tag-topstories","26":"tag-ultimas","27":"tag-ultimas-noticias","28":"tag-ultimasnoticias","29":"tag-world","30":"tag-world-news","31":"tag-worldnews"},"share_on_mastodon":{"url":"https:\/\/pubeurope.com\/@pt\/115850599690102632","error":""},"_links":{"self":[{"href":"https:\/\/www.europesays.com\/pt\/wp-json\/wp\/v2\/posts\/218215","targetHints":{"allow":["GET"]}}],"collection":[{"href":"https:\/\/www.europesays.com\/pt\/wp-json\/wp\/v2\/posts"}],"about":[{"href":"https:\/\/www.europesays.com\/pt\/wp-json\/wp\/v2\/types\/post"}],"author":[{"embeddable":true,"href":"https:\/\/www.europesays.com\/pt\/wp-json\/wp\/v2\/users\/2"}],"replies":[{"embeddable":true,"href":"https:\/\/www.europesays.com\/pt\/wp-json\/wp\/v2\/comments?post=218215"}],"version-history":[{"count":0,"href":"https:\/\/www.europesays.com\/pt\/wp-json\/wp\/v2\/posts\/218215\/revisions"}],"wp:featuredmedia":[{"embeddable":true,"href":"https:\/\/www.europesays.com\/pt\/wp-json\/wp\/v2\/media\/218216"}],"wp:attachment":[{"href":"https:\/\/www.europesays.com\/pt\/wp-json\/wp\/v2\/media?parent=218215"}],"wp:term":[{"taxonomy":"category","embeddable":true,"href":"https:\/\/www.europesays.com\/pt\/wp-json\/wp\/v2\/categories?post=218215"},{"taxonomy":"post_tag","embeddable":true,"href":"https:\/\/www.europesays.com\/pt\/wp-json\/wp\/v2\/tags?post=218215"}],"curies":[{"name":"wp","href":"https:\/\/api.w.org\/{rel}","templated":true}]}}